{"id":15209,"date":"2021-03-26T19:49:15","date_gmt":"2021-03-26T17:49:15","guid":{"rendered":"https:\/\/glazbena.hr\/?p=15209"},"modified":"2021-04-14T14:39:27","modified_gmt":"2021-04-14T12:39:27","slug":"9-online-produkcija-klasa-prof-lea-santek","status":"publish","type":"post","link":"https:\/\/glazbena.hr\/gb\/activity\/9-online-produkcija-klasa-prof-lea-santek\/","title":{"rendered":"Piano in the Sky &#8211; 9. online produkcija"},"content":{"rendered":"<p>\u201cPiano in the Sky 9\u201dodr\u017ean je 25. o\u017eujka 2021. godine u 19 sati tako\u0111er u kombiniranoj online i u\u017eivo varijanti pod nazivom \u201cna zoomu i u roomu\u201d ovaj put u Maloj koncertnoj dvorani Glazbene \u0161kole u Vara\u017edinu i u prostoru Glazbene \u0161kole Vatroslava Lisinskog iz Bjelovara.<br \/>\nIz Glazbene \u0161kole u Vara\u017edinu sudjelovali su u\u010denici Kaja Odak, 2.o., Mihaela Hranj, 2.o. i Lana Stankovi\u0107 Vr\u010dek, 6.o., iz razreda nastavnice Helene Herman, mag. mus., te u\u010denici Matija Sajko, 2.o., Hana \u0160iroki, 1.s. i Lucija \u010cehok, 2.s., iz razreda nastavnice Lee \u0160antek, prof. savjetnik, a iz Glazbene \u0161kole Vatroslava Lisinskog iz Bjelovara sudjelovali su Ana Volf, 1.o., Mia Unger, 3.o., Maja Matu\u0161, 3.o., Ida Hlebec, 3.o., Luka Pavi\u010di\u0107, 1.s., Benedikt Vrlac, 1.s., Tea Holi, 4.s. i Roman Mihali\u0107, 4.s. iz razreda nastavnice Svetlane Reli\u0107, prof. mentor. Atmosfera je kao i uvijek bila vesela, pozitivna, poticajna i edukativna &#8211; u\u010denik Matija Sajko pri\u010dao je o dinosaurima.<\/p>\n<p><a href=\"https:\/\/glazbena.hr\/wp-content\/uploads\/2021\/04\/zoom-25.03.-program.pdf\">Piano in the sky Zoom produkcija 25.03. program<\/a><\/p>\n<p><a href=\"https:\/\/glazbena.hr\/wp-content\/uploads\/2021\/04\/20210325_180615284_iOS-scaled.jpg\"><img loading=\"lazy\" decoding=\"async\" class=\"alignnone size-medium wp-image-15211\" src=\"https:\/\/glazbena.hr\/wp-content\/uploads\/2021\/04\/20210325_180615284_iOS-300x225.jpg\" alt=\"\" width=\"300\" height=\"225\" srcset=\"https:\/\/glazbena.hr\/wp-content\/uploads\/2021\/04\/20210325_180615284_iOS-300x225.jpg 300w, https:\/\/glazbena.hr\/wp-content\/uploads\/2021\/04\/20210325_180615284_iOS-1024x768.jpg 1024w, https:\/\/glazbena.hr\/wp-content\/uploads\/2021\/04\/20210325_180615284_iOS-768x576.jpg 768w, https:\/\/glazbena.hr\/wp-content\/uploads\/2021\/04\/20210325_180615284_iOS-1536x1152.jpg 1536w, https:\/\/glazbena.hr\/wp-content\/uploads\/2021\/04\/20210325_180615284_iOS-2048x1536.jpg 2048w\" sizes=\"auto, (max-width: 300px) 100vw, 300px\" \/><\/a> <a href=\"https:\/\/glazbena.hr\/wp-content\/uploads\/2021\/04\/20210325_180353157_iOS-scaled.jpg\"><img loading=\"lazy\" decoding=\"async\" class=\"alignnone size-medium wp-image-15212\" src=\"https:\/\/glazbena.hr\/wp-content\/uploads\/2021\/04\/20210325_180353157_iOS-300x225.jpg\" alt=\"\" width=\"300\" height=\"225\" srcset=\"https:\/\/glazbena.hr\/wp-content\/uploads\/2021\/04\/20210325_180353157_iOS-300x225.jpg 300w, https:\/\/glazbena.hr\/wp-content\/uploads\/2021\/04\/20210325_180353157_iOS-1024x768.jpg 1024w, https:\/\/glazbena.hr\/wp-content\/uploads\/2021\/04\/20210325_180353157_iOS-768x576.jpg 768w, https:\/\/glazbena.hr\/wp-content\/uploads\/2021\/04\/20210325_180353157_iOS-1536x1152.jpg 1536w, https:\/\/glazbena.hr\/wp-content\/uploads\/2021\/04\/20210325_180353157_iOS-2048x1536.jpg 2048w\" sizes=\"auto, (max-width: 300px) 100vw, 300px\" \/><\/a><\/p>\n","protected":false},"excerpt":{"rendered":"<p>\u201cPiano in the Sky 9\u201dodr\u017ean je 25. o\u017eujka 2021. godine u 19 sati tako\u0111er u kombiniranoj online i u\u017eivo varijanti pod nazivom \u201cna zoomu i u roomu\u201d ovaj put u Maloj koncertnoj dvorani Glazbene \u0161kole u Vara\u017edinu i u prostoru Glazbene \u0161kole Vatroslava Lisinskog iz Bjelovara. Iz Glazbene \u0161kole u Vara\u017edinu sudjelovali su u\u010denici Kaja [&hellip;]<\/p>\n","protected":false},"author":5,"featured_media":0,"comment_status":"closed","ping_status":"closed","sticky":false,"template":"","format":"standard","meta":{"footnotes":""},"categories":[70],"tags":[],"class_list":["post-15209","post","type-post","status-publish","format-standard","hentry","category-aktivnosti"],"translation":{"provider":"WPGlobus","version":"3.0.0","language":"gb","enabled_languages":["hr","gb"],"languages":{"hr":{"title":true,"content":true,"excerpt":false},"gb":{"title":false,"content":false,"excerpt":false}}},"_links":{"self":[{"href":"https:\/\/glazbena.hr\/gb\/wp-json\/wp\/v2\/posts\/15209","targetHints":{"allow":["GET"]}}],"collection":[{"href":"https:\/\/glazbena.hr\/gb\/wp-json\/wp\/v2\/posts"}],"about":[{"href":"https:\/\/glazbena.hr\/gb\/wp-json\/wp\/v2\/types\/post"}],"author":[{"embeddable":true,"href":"https:\/\/glazbena.hr\/gb\/wp-json\/wp\/v2\/users\/5"}],"replies":[{"embeddable":true,"href":"https:\/\/glazbena.hr\/gb\/wp-json\/wp\/v2\/comments?post=15209"}],"version-history":[{"count":4,"href":"https:\/\/glazbena.hr\/gb\/wp-json\/wp\/v2\/posts\/15209\/revisions"}],"predecessor-version":[{"id":15262,"href":"https:\/\/glazbena.hr\/gb\/wp-json\/wp\/v2\/posts\/15209\/revisions\/15262"}],"wp:attachment":[{"href":"https:\/\/glazbena.hr\/gb\/wp-json\/wp\/v2\/media?parent=15209"}],"wp:term":[{"taxonomy":"category","embeddable":true,"href":"https:\/\/glazbena.hr\/gb\/wp-json\/wp\/v2\/categories?post=15209"},{"taxonomy":"post_tag","embeddable":true,"href":"https:\/\/glazbena.hr\/gb\/wp-json\/wp\/v2\/tags?post=15209"}],"curies":[{"name":"wp","href":"https:\/\/api.w.org\/{rel}","templated":true}]}}