{"id":15282,"date":"2021-04-16T11:16:54","date_gmt":"2021-04-16T09:16:54","guid":{"rendered":"https:\/\/glazbena.hr\/?p=15282"},"modified":"2021-04-16T11:18:14","modified_gmt":"2021-04-16T09:18:14","slug":"odluka-o-organizaciji-nastave-od-19-travnja-2021-do-24-travnja-2021-godine","status":"publish","type":"post","link":"https:\/\/glazbena.hr\/gb\/legal-information\/odluka-o-organizaciji-nastave-od-19-travnja-2021-do-24-travnja-2021-godine\/","title":{"rendered":"Odluka o organizaciji nastave od 19. travnja 2021. do 24. travnja 2021. godine"},"content":{"rendered":"<p><strong>PRED\u0160KOLSKI PROGRAM (model A)<\/strong><\/p>\n<p>Od 19. travnja 2021. do 24. travnja 2021. godine pred\u0161kolski programi (Po\u010detni\u010dki solfeggio, Pred\u0161kolski zbor, Mala \u0161kola blok-flaute, Mala \u0161kola violine) \u0107e se odr\u017eavati redovno i u\u017eivo uz pridr\u017eavanje epidemiolo\u0161kih mjera prema dogovorenom rasporedu s predmetnim nastavnikom.<\/p>\n<p><strong>OSNOVNA GLAZBENA \u0160KOLA \u2013 GLAZBENA \u0160KOLA U VARA\u017dDINU<\/strong><\/p>\n<p>Od 19. travnja 2021. do 24. travnja 2021. godine nastava za u\u010denike osnovne glazbene \u0161kole u mati\u010dnoj \u0161koli (Vara\u017edin) \u0107e se odr\u017eavati na sljede\u0107i na\u010din:<\/p>\n<p>&#8211; za sve u\u010denike od 1. do 6. razreda osnovne glazbene \u0161kole \u2013 INDIVIDUALNA NASTAVA (instrument) \u0107e se odr\u017eavati <strong>REDOVNO I U\u017dIVO<\/strong> (model A)<\/p>\n<p>&#8211; za u\u010denike od 1. do 3. razreda osnovne glazbene \u0161kole \u2013 GRUPNA NASTAVA (solfeggio) \u0107e se odr\u017eavati <strong>redovito i u\u017eivo<\/strong> uz pridr\u017eavanje epidemiolo\u0161kih mjera (socijalna distanca, maske za sve u\u010denike i djelatnike te sve osobe koje ulaze u \u0161kolski prostor), uz izuzetak u\u010denika koji se nalaze u samoizolaciji\/karanteni (model A)<\/p>\n<p>&#8211; za u\u010denike od 4. do 6. razreda osnovne glazbene \u0161kole GRUPNA NASTAVA (solfeggio i teorija glazbe) \u0107e se odr\u017eavati <strong>ONLINE<\/strong> (model C)<\/p>\n<p><strong>OSNOVNA GLAZBENA \u0160KOLA \u2013 PODRU\u010cNI ODJELI<\/strong><\/p>\n<p>Cjelokupna nastava (instrument i solfeggio) u Podru\u010dnom odjelu u Cestici od 19. travnja 2021. do 24. travnja 2021. godine \u0107e se odr\u017eavati <strong>redovito i u\u017eivo<\/strong> (model A) uz pridr\u017eavanje epidemiolo\u0161kih mjera (socijalna distanca, maske za sve u\u010denike i djelatnike te sve osobe koje ulaze u \u0161kolski prostor), uz izuzetak u\u010denika koji se nalaze u samoizolaciji\/karanteni.<\/p>\n<p>Nastava u Podru\u010dnom odjelu u Ivancu od 19. travnja 2021. do 24. travnja 2021. godine \u0107e se odr\u017eavati:<br \/>\n&#8211; za sve u\u010denike od 1. do 6. razreda osnovne glazbene \u0161kole \u2013 INDIVIDUALNA NASTAVA (instrument) \u0107e se odr\u017eavati <strong>REDOVNO I U\u017dIVO<\/strong> (model A)<\/p>\n<p>&#8211; za u\u010denike od 1. do 3. razreda osnovne glazbene \u0161kole GRUPNA nastava (solfeggio) \u0107e se odr\u017eavati <strong>redovito i u\u017eivo<\/strong> uz pridr\u017eavanje epidemiolo\u0161kih mjera (socijalna distanca, maske za sve u\u010denike i djelatnike te sve osobe koje ulaze u \u0161kolski prostor), uz izuzetak u\u010denika koji se nalaze u samoizolaciji\/karanteni (model A)<\/p>\n<p>&#8211; za u\u010denike od 4. do 6. razreda osnovne glazbene \u0161kole GRUPNA nastava (solfeggio) \u0107e se odr\u017eavati <strong>ONLINE<\/strong> (model C)<\/p>\n<p>Nastava u Podru\u010dnom odjelu u Lepoglavi od 19. travnja 2021. do 24. travnja 2021. godine \u0107e se odr\u017eavati:<\/p>\n<p>&#8211; za sve u\u010denike od 1. do 6. razreda osnovne glazbene \u0161kole \u2013 INDIVIDUALNA NASTAVA (instrument) \u0107e se odr\u017eavati <strong>REDOVNO I U\u017dIVO<\/strong> (model A)<\/p>\n<p>&#8211; za u\u010denike od 1. do 3. razreda osnovne glazbene \u0161kole GRUPNA nastava (solfeggio) \u0107e se odr\u017eavati <strong>redovito i u\u017eivo<\/strong> uz pridr\u017eavanje epidemiolo\u0161kih mjera (socijalna distanca, maske za sve u\u010denike i djelatnike te sve osobe koje ulaze u \u0161kolski prostor), uz izuzetak u\u010denika koji se nalaze u samoizolaciji\/karanteni (model A)<\/p>\n<p>&#8211; za u\u010denike od 4. do 6. razreda osnovne glazbene \u0161kole GRUPNA nastava (solfeggio) \u0107e se odr\u017eavati <strong>ONLINE<\/strong> (model C)<\/p>\n<p>Cjelokupna nastava (instrument i solfeggio) u Podru\u010dnom odjelu u Vara\u017edinskim Toplicama \u0107e se odr\u017eavati <strong>redovito i u\u017eivo<\/strong> od 19. travnja 2021. do 24. travnja 2021. godine (model A) uz pridr\u017eavanje epidemiolo\u0161kih mjera (socijalna distanca, maske za sve u\u010denike i djelatnike te sve osobe koje ulaze u \u0161kolski prostor), uz izuzetak u\u010denika koji se nalaze u samoizolaciji\/karanteni.<\/p>\n<p><strong>PRIPREMNO OBRAZOVANJE I SREDNJA GLAZBENA \u0160KOLA<\/strong><\/p>\n<p>Glazbena \u0161kola u Vara\u017edinu \u0107e od 19. travnja 2021. do 24. travnja 2021. godine odr\u017eavati nastavu za sve u\u010denike pripremnog obrazovanja i u\u010denike od 1. do 3. razreda (A i B razredi) srednje glazbene \u0161kole:<br \/>\n&#8211; op\u0107eobrazovna nastava za u\u010denike od 1. do 3. razreda srednje glazbene \u0161kole \u2013 <strong>ONLINE<\/strong> (model C)<br \/>\n&#8211; grupna teorijska nastava za u\u010denike pripremnog obrazovanja i u\u010denike od 1. do 3. razreda srednje glazbene \u0161kole \u2013 <strong>ONLINE<\/strong> (model C)<br \/>\n&#8211; individualna nastava (instrument, solo pjevanje, korepeticija i dr.) za u\u010denike pripremnog obrazovanja i u\u010denike od 1. do 3. razreda srednje glazbene \u0161kole \u2013 <strong>U\u017dIVO<\/strong> (model A)<\/p>\n<p>Nastava za u\u010denike 4. razreda srednje glazbene \u0161kole iz op\u0107eobrazovnih predmeta (A razredi), grupnih teorijskih predmeta (A i B razredi) i individualne nastave (A i B razredi) \u0107e se odr\u017eavati <strong>U\u017dIVO<\/strong> (model A) od 19. do 24. travnja 2021. prema rasporedu koji vrijedi od 12. travnja 2021.<\/p>\n<p>Nastava skupnog muziciranja (zborovi, orkestri), komorna glazba, kompjutorska notografija, literarna grupa, osnove jazza, jazz orkestar, orkestralne dionice i vokalna popularna glazba za sve u\u010denike (osnovna glazbena \u0161kola, pripremno obrazovanje i srednja glazbena \u0161kola) \u0107e se odvijati <strong>ONLINE<\/strong> (model C).<\/p>\n<p><a href=\"https:\/\/glazbena.hr\/wp-content\/uploads\/2021\/04\/Odluka-o-organizaciji-nastave-od-19.04.2021.-do-24.04.2021..pdf\">Odluka o organizaciji nastave od 19.04.2021. do 24.04.2021.<\/a><\/p>\n","protected":false},"excerpt":{"rendered":"<p>PRED\u0160KOLSKI PROGRAM (model A) Od 19. travnja 2021. do 24. travnja 2021. godine pred\u0161kolski programi (Po\u010detni\u010dki solfeggio, Pred\u0161kolski zbor, Mala \u0161kola blok-flaute, Mala \u0161kola violine) \u0107e se odr\u017eavati redovno i u\u017eivo uz pridr\u017eavanje epidemiolo\u0161kih mjera prema dogovorenom rasporedu s predmetnim nastavnikom. OSNOVNA GLAZBENA \u0160KOLA \u2013 GLAZBENA \u0160KOLA U VARA\u017dDINU Od 19. travnja 2021. do 24. [&hellip;]<\/p>\n","protected":false},"author":5,"featured_media":0,"comment_status":"closed","ping_status":"closed","sticky":false,"template":"","format":"standard","meta":{"footnotes":""},"categories":[67,76],"tags":[],"class_list":["post-15282","post","type-post","status-publish","format-standard","hentry","category-informacije","category-za-ucenike"],"translation":{"provider":"WPGlobus","version":"3.0.0","language":"gb","enabled_languages":["hr","gb"],"languages":{"hr":{"title":true,"content":true,"excerpt":false},"gb":{"title":false,"content":false,"excerpt":false}}},"_links":{"self":[{"href":"https:\/\/glazbena.hr\/gb\/wp-json\/wp\/v2\/posts\/15282","targetHints":{"allow":["GET"]}}],"collection":[{"href":"https:\/\/glazbena.hr\/gb\/wp-json\/wp\/v2\/posts"}],"about":[{"href":"https:\/\/glazbena.hr\/gb\/wp-json\/wp\/v2\/types\/post"}],"author":[{"embeddable":true,"href":"https:\/\/glazbena.hr\/gb\/wp-json\/wp\/v2\/users\/5"}],"replies":[{"embeddable":true,"href":"https:\/\/glazbena.hr\/gb\/wp-json\/wp\/v2\/comments?post=15282"}],"version-history":[{"count":3,"href":"https:\/\/glazbena.hr\/gb\/wp-json\/wp\/v2\/posts\/15282\/revisions"}],"predecessor-version":[{"id":15286,"href":"https:\/\/glazbena.hr\/gb\/wp-json\/wp\/v2\/posts\/15282\/revisions\/15286"}],"wp:attachment":[{"href":"https:\/\/glazbena.hr\/gb\/wp-json\/wp\/v2\/media?parent=15282"}],"wp:term":[{"taxonomy":"category","embeddable":true,"href":"https:\/\/glazbena.hr\/gb\/wp-json\/wp\/v2\/categories?post=15282"},{"taxonomy":"post_tag","embeddable":true,"href":"https:\/\/glazbena.hr\/gb\/wp-json\/wp\/v2\/tags?post=15282"}],"curies":[{"name":"wp","href":"https:\/\/api.w.org\/{rel}","templated":true}]}}