{"id":15427,"date":"2021-05-12T09:18:49","date_gmt":"2021-05-12T07:18:49","guid":{"rendered":"https:\/\/glazbena.hr\/?p=15427"},"modified":"2021-05-12T09:18:49","modified_gmt":"2021-05-12T07:18:49","slug":"international-internet-music-competition-imka","status":"publish","type":"post","link":"https:\/\/glazbena.hr\/gb\/natjecanja\/international-internet-music-competition-imka\/","title":{"rendered":"International Internet Music Competition &#8220;IMKA&#8221;"},"content":{"rendered":"<p>Me\u0111unarodno udru\u017eenje &#8220;IMKA &#8211; Youth Initiative for Creative Engagement&#8221;, sa sjedi\u0161tem u Sarajevu, tijekom mjeseca travnja organiziralo je jedno od me\u0111unarodno online glazbeno natjecanje na kojem su sudjelovali mnogobrojni natjecatelji iz cijelog svijeta &#8211; International Internet Music Competition &#8220;IMKA&#8221;. Ove godine na sudjelovanje su se odlu\u010dile i na\u0161e u\u010denice 3. razreda srednje glazbene \u0161kole &#8211; Luna i Tena koje svoj temeljni predmet &#8211; klavir usavr\u0161avaju u klasi nastavnice klavira Ivane Godec &#8211; Vincekovi\u0107, prof. savjetnik.<br \/>\nNa gore spomenutom natjecanju, Tena Benjak je osvojila prvu nagradu u disciplini klavir i kategoriji &#8220;Young Players&#8221; (17-19 godina).<br \/>\nTako\u0111er, klavirski duo Luna Obadi\u0107 i Tena Benjak osvojio je prvu nagradu u disciplini komorna glazba i kategoriji &#8220;Young Players&#8221;.<\/p>\n<p>&nbsp;<\/p>\n<p><a href=\"https:\/\/glazbena.hr\/wp-content\/uploads\/2021\/05\/IMG-20210502-WA0002.jpg\"><img loading=\"lazy\" decoding=\"async\" class=\"alignnone size-medium wp-image-15428\" src=\"https:\/\/glazbena.hr\/wp-content\/uploads\/2021\/05\/IMG-20210502-WA0002-169x300.jpg\" alt=\"\" width=\"169\" height=\"300\" srcset=\"https:\/\/glazbena.hr\/wp-content\/uploads\/2021\/05\/IMG-20210502-WA0002-169x300.jpg 169w, https:\/\/glazbena.hr\/wp-content\/uploads\/2021\/05\/IMG-20210502-WA0002-576x1024.jpg 576w, https:\/\/glazbena.hr\/wp-content\/uploads\/2021\/05\/IMG-20210502-WA0002-768x1366.jpg 768w, https:\/\/glazbena.hr\/wp-content\/uploads\/2021\/05\/IMG-20210502-WA0002-864x1536.jpg 864w, https:\/\/glazbena.hr\/wp-content\/uploads\/2021\/05\/IMG-20210502-WA0002.jpg 899w\" sizes=\"auto, (max-width: 169px) 100vw, 169px\" \/><\/a> <a href=\"https:\/\/glazbena.hr\/wp-content\/uploads\/2021\/05\/IMG-20210501-WA0002.jpg\"><img loading=\"lazy\" decoding=\"async\" class=\"alignnone size-medium wp-image-15429\" src=\"https:\/\/glazbena.hr\/wp-content\/uploads\/2021\/05\/IMG-20210501-WA0002-169x300.jpg\" alt=\"\" width=\"169\" height=\"300\" srcset=\"https:\/\/glazbena.hr\/wp-content\/uploads\/2021\/05\/IMG-20210501-WA0002-169x300.jpg 169w, https:\/\/glazbena.hr\/wp-content\/uploads\/2021\/05\/IMG-20210501-WA0002-576x1024.jpg 576w, https:\/\/glazbena.hr\/wp-content\/uploads\/2021\/05\/IMG-20210501-WA0002-768x1366.jpg 768w, https:\/\/glazbena.hr\/wp-content\/uploads\/2021\/05\/IMG-20210501-WA0002-864x1536.jpg 864w, https:\/\/glazbena.hr\/wp-content\/uploads\/2021\/05\/IMG-20210501-WA0002.jpg 899w\" sizes=\"auto, (max-width: 169px) 100vw, 169px\" \/><\/a><\/p>\n<p><a href=\"https:\/\/glazbena.hr\/wp-content\/uploads\/2021\/05\/Luna-Obadic-Piano-Duo-scaled.jpg\"><img loading=\"lazy\" decoding=\"async\" class=\"alignnone size-medium wp-image-15430\" src=\"https:\/\/glazbena.hr\/wp-content\/uploads\/2021\/05\/Luna-Obadic-Piano-Duo-300x235.jpg\" alt=\"\" width=\"300\" height=\"235\" srcset=\"https:\/\/glazbena.hr\/wp-content\/uploads\/2021\/05\/Luna-Obadic-Piano-Duo-300x235.jpg 300w, https:\/\/glazbena.hr\/wp-content\/uploads\/2021\/05\/Luna-Obadic-Piano-Duo-1024x802.jpg 1024w, https:\/\/glazbena.hr\/wp-content\/uploads\/2021\/05\/Luna-Obadic-Piano-Duo-768x602.jpg 768w, https:\/\/glazbena.hr\/wp-content\/uploads\/2021\/05\/Luna-Obadic-Piano-Duo-1536x1203.jpg 1536w, https:\/\/glazbena.hr\/wp-content\/uploads\/2021\/05\/Luna-Obadic-Piano-Duo-2048x1605.jpg 2048w\" sizes=\"auto, (max-width: 300px) 100vw, 300px\" \/><\/a> <a href=\"https:\/\/glazbena.hr\/wp-content\/uploads\/2021\/05\/Tena-Benjak-IMKA_page-0001-rotated.jpg\"><img loading=\"lazy\" decoding=\"async\" class=\"alignnone size-medium wp-image-15431\" src=\"https:\/\/glazbena.hr\/wp-content\/uploads\/2021\/05\/Tena-Benjak-IMKA_page-0001-300x211.jpg\" alt=\"\" width=\"300\" height=\"211\" srcset=\"https:\/\/glazbena.hr\/wp-content\/uploads\/2021\/05\/Tena-Benjak-IMKA_page-0001-300x211.jpg 300w, https:\/\/glazbena.hr\/wp-content\/uploads\/2021\/05\/Tena-Benjak-IMKA_page-0001-1024x720.jpg 1024w, https:\/\/glazbena.hr\/wp-content\/uploads\/2021\/05\/Tena-Benjak-IMKA_page-0001-768x540.jpg 768w, https:\/\/glazbena.hr\/wp-content\/uploads\/2021\/05\/Tena-Benjak-IMKA_page-0001-1536x1080.jpg 1536w, https:\/\/glazbena.hr\/wp-content\/uploads\/2021\/05\/Tena-Benjak-IMKA_page-0001-rotated.jpg 1752w\" sizes=\"auto, (max-width: 300px) 100vw, 300px\" \/><\/a><\/p>\n","protected":false},"excerpt":{"rendered":"<p>Me\u0111unarodno udru\u017eenje &#8220;IMKA &#8211; Youth Initiative for Creative Engagement&#8221;, sa sjedi\u0161tem u Sarajevu, tijekom mjeseca travnja organiziralo je jedno od me\u0111unarodno online glazbeno natjecanje na kojem su sudjelovali mnogobrojni natjecatelji iz cijelog svijeta &#8211; International Internet Music Competition &#8220;IMKA&#8221;. Ove godine na sudjelovanje su se odlu\u010dile i na\u0161e u\u010denice 3. razreda srednje glazbene \u0161kole &#8211; [&hellip;]<\/p>\n","protected":false},"author":5,"featured_media":0,"comment_status":"closed","ping_status":"closed","sticky":false,"template":"","format":"standard","meta":{"footnotes":""},"categories":[70,66],"tags":[],"class_list":["post-15427","post","type-post","status-publish","format-standard","hentry","category-aktivnosti","category-natjecanja"],"translation":{"provider":"WPGlobus","version":"3.0.0","language":"gb","enabled_languages":["hr","gb"],"languages":{"hr":{"title":true,"content":true,"excerpt":false},"gb":{"title":false,"content":false,"excerpt":false}}},"_links":{"self":[{"href":"https:\/\/glazbena.hr\/gb\/wp-json\/wp\/v2\/posts\/15427","targetHints":{"allow":["GET"]}}],"collection":[{"href":"https:\/\/glazbena.hr\/gb\/wp-json\/wp\/v2\/posts"}],"about":[{"href":"https:\/\/glazbena.hr\/gb\/wp-json\/wp\/v2\/types\/post"}],"author":[{"embeddable":true,"href":"https:\/\/glazbena.hr\/gb\/wp-json\/wp\/v2\/users\/5"}],"replies":[{"embeddable":true,"href":"https:\/\/glazbena.hr\/gb\/wp-json\/wp\/v2\/comments?post=15427"}],"version-history":[{"count":2,"href":"https:\/\/glazbena.hr\/gb\/wp-json\/wp\/v2\/posts\/15427\/revisions"}],"predecessor-version":[{"id":15433,"href":"https:\/\/glazbena.hr\/gb\/wp-json\/wp\/v2\/posts\/15427\/revisions\/15433"}],"wp:attachment":[{"href":"https:\/\/glazbena.hr\/gb\/wp-json\/wp\/v2\/media?parent=15427"}],"wp:term":[{"taxonomy":"category","embeddable":true,"href":"https:\/\/glazbena.hr\/gb\/wp-json\/wp\/v2\/categories?post=15427"},{"taxonomy":"post_tag","embeddable":true,"href":"https:\/\/glazbena.hr\/gb\/wp-json\/wp\/v2\/tags?post=15427"}],"curies":[{"name":"wp","href":"https:\/\/api.w.org\/{rel}","templated":true}]}}