{"id":15490,"date":"2021-05-20T20:16:12","date_gmt":"2021-05-20T18:16:12","guid":{"rendered":"https:\/\/glazbena.hr\/?p=15490"},"modified":"2021-05-20T20:16:12","modified_gmt":"2021-05-20T18:16:12","slug":"projekt-3-dana-za-100-godina-buducnosti-u-izboru-za-najbolji-svjetski-projekt-sudjelovanja-gradana-podrzite-projekt-i-glazbenu-skolu","status":"publish","type":"post","link":"https:\/\/glazbena.hr\/gb\/events\/projekt-3-dana-za-100-godina-buducnosti-u-izboru-za-najbolji-svjetski-projekt-sudjelovanja-gradana-podrzite-projekt-i-glazbenu-skolu\/","title":{"rendered":"Projekt \u201e3 dana za 100 godina budu\u0107nosti\u201c u izboru za najbolji svjetski projekt sudjelovanja gra\u0111ana, podr\u017eite projekt i Glazbenu \u0161kolu"},"content":{"rendered":"<p>Projekt Vara\u017edinske \u017eupanije \u201eParticipativno planiranje za revitalizaciju Glazbene \u0161kole Vara\u017edin &#8211; 3 dana za 100 godina budu\u0107nosti&#8221; odabran je me\u0111u 50 projekta iz 16 zemalja svijeta od strane Me\u0111unarodnog opservatorija participativne demokracije, koji bira najbolje prakse na temu gra\u0111anske participacije u jedinicama lokalne i regionalne samouprave. Ova se nagrada dodjeljuje kako bi se prepoznala inovativna iskustva i javne politike na temu sudjelovanja gra\u0111ana, demokratskih inovacija i otvorene vlasti. Nositelj projekta je Vara\u017edinska \u017eupanija, a provodi ga Arhitektonski fakultet Sveu\u010dili\u0161ta u Zagrebu u suradnji s me\u0111unarodnim stru\u010dnjacima u planiranju \u0161kola te uz podr\u0161ku lokalne Udruge nuSynergetic.<\/p>\n<p><strong>Do 31. svibnja projekt mo\u017eete podr\u017eati registracijom na slu\u017ebenim internetskim stranicama PARTICIPATE IOPD platforme <a href=\"https:\/\/participate.oidp.net\/users\/sign_up\" target=\"_blank\" rel=\"noopener noreferrer\">https:\/\/participate.oidp.net\/users\/sign_up<\/a>.<\/strong> <em><strong>Potom treba odabrati projekt \u201eParticipatory Planning for revitalization of the Vara\u017edin School of Music &#8211; \u201c3 days for a 100 years of future\u201c i podr\u017eati ga putem gumba support.<\/strong><\/em> Dvadeset prijedloga koji dobiju najvi\u0161e glasova, ulaze u zavr\u0161nu fazu gdje ih ocjenjuje stru\u010dni \u017eiri.<\/p>\n<p>Rekonstrukcija i dogradnja Glazbene \u0161kole u Vara\u017edinu te uspostava konzervatorija kao dodiplomskog studija Sveu\u010dili\u0161ta Sjever u suradnji s Glazbenom \u0161kolom najve\u0107i je me\u0111u novim EU projektima Vara\u017edinske \u017eupanije u obrazovanju, vrijedan 100 milijuna kuna.<\/p>\n<p><a href=\"https:\/\/glazbena.hr\/wp-content\/uploads\/2021\/05\/skola-gradi-skolu-2.jpg\"><img loading=\"lazy\" decoding=\"async\" class=\"alignnone wp-image-15491 size-medium\" src=\"https:\/\/glazbena.hr\/wp-content\/uploads\/2021\/05\/skola-gradi-skolu-2-300x200.jpg\" alt=\"\" width=\"300\" height=\"200\" srcset=\"https:\/\/glazbena.hr\/wp-content\/uploads\/2021\/05\/skola-gradi-skolu-2-300x200.jpg 300w, https:\/\/glazbena.hr\/wp-content\/uploads\/2021\/05\/skola-gradi-skolu-2-1024x683.jpg 1024w, https:\/\/glazbena.hr\/wp-content\/uploads\/2021\/05\/skola-gradi-skolu-2-768x512.jpg 768w, https:\/\/glazbena.hr\/wp-content\/uploads\/2021\/05\/skola-gradi-skolu-2-1536x1024.jpg 1536w, https:\/\/glazbena.hr\/wp-content\/uploads\/2021\/05\/skola-gradi-skolu-2.jpg 1620w\" sizes=\"auto, (max-width: 300px) 100vw, 300px\" \/><\/a> <a href=\"https:\/\/glazbena.hr\/wp-content\/uploads\/2021\/05\/skola-gradi-skolu-1.jpg\"><img loading=\"lazy\" decoding=\"async\" class=\"alignnone size-medium wp-image-15492\" src=\"https:\/\/glazbena.hr\/wp-content\/uploads\/2021\/05\/skola-gradi-skolu-1-300x200.jpg\" alt=\"\" width=\"300\" height=\"200\" srcset=\"https:\/\/glazbena.hr\/wp-content\/uploads\/2021\/05\/skola-gradi-skolu-1-300x200.jpg 300w, https:\/\/glazbena.hr\/wp-content\/uploads\/2021\/05\/skola-gradi-skolu-1-1024x683.jpg 1024w, https:\/\/glazbena.hr\/wp-content\/uploads\/2021\/05\/skola-gradi-skolu-1-768x512.jpg 768w, https:\/\/glazbena.hr\/wp-content\/uploads\/2021\/05\/skola-gradi-skolu-1-1536x1024.jpg 1536w, https:\/\/glazbena.hr\/wp-content\/uploads\/2021\/05\/skola-gradi-skolu-1.jpg 1620w\" sizes=\"auto, (max-width: 300px) 100vw, 300px\" \/><\/a><\/p>\n","protected":false},"excerpt":{"rendered":"<p>Projekt Vara\u017edinske \u017eupanije \u201eParticipativno planiranje za revitalizaciju Glazbene \u0161kole Vara\u017edin &#8211; 3 dana za 100 godina budu\u0107nosti&#8221; odabran je me\u0111u 50 projekta iz 16 zemalja svijeta od strane Me\u0111unarodnog opservatorija participativne demokracije, koji bira najbolje prakse na temu gra\u0111anske participacije u jedinicama lokalne i regionalne samouprave. Ova se nagrada dodjeljuje kako bi se prepoznala inovativna [&hellip;]<\/p>\n","protected":false},"author":5,"featured_media":0,"comment_status":"closed","ping_status":"closed","sticky":false,"template":"","format":"standard","meta":{"footnotes":""},"categories":[64],"tags":[],"class_list":["post-15490","post","type-post","status-publish","format-standard","hentry","category-najava-dogadanja"],"translation":{"provider":"WPGlobus","version":"3.0.0","language":"gb","enabled_languages":["hr","gb"],"languages":{"hr":{"title":true,"content":true,"excerpt":false},"gb":{"title":false,"content":false,"excerpt":false}}},"_links":{"self":[{"href":"https:\/\/glazbena.hr\/gb\/wp-json\/wp\/v2\/posts\/15490","targetHints":{"allow":["GET"]}}],"collection":[{"href":"https:\/\/glazbena.hr\/gb\/wp-json\/wp\/v2\/posts"}],"about":[{"href":"https:\/\/glazbena.hr\/gb\/wp-json\/wp\/v2\/types\/post"}],"author":[{"embeddable":true,"href":"https:\/\/glazbena.hr\/gb\/wp-json\/wp\/v2\/users\/5"}],"replies":[{"embeddable":true,"href":"https:\/\/glazbena.hr\/gb\/wp-json\/wp\/v2\/comments?post=15490"}],"version-history":[{"count":2,"href":"https:\/\/glazbena.hr\/gb\/wp-json\/wp\/v2\/posts\/15490\/revisions"}],"predecessor-version":[{"id":15494,"href":"https:\/\/glazbena.hr\/gb\/wp-json\/wp\/v2\/posts\/15490\/revisions\/15494"}],"wp:attachment":[{"href":"https:\/\/glazbena.hr\/gb\/wp-json\/wp\/v2\/media?parent=15490"}],"wp:term":[{"taxonomy":"category","embeddable":true,"href":"https:\/\/glazbena.hr\/gb\/wp-json\/wp\/v2\/categories?post=15490"},{"taxonomy":"post_tag","embeddable":true,"href":"https:\/\/glazbena.hr\/gb\/wp-json\/wp\/v2\/tags?post=15490"}],"curies":[{"name":"wp","href":"https:\/\/api.w.org\/{rel}","templated":true}]}}