{"id":15653,"date":"2021-06-08T20:24:37","date_gmt":"2021-06-08T18:24:37","guid":{"rendered":"https:\/\/glazbena.hr\/?p=15653"},"modified":"2021-06-08T20:24:37","modified_gmt":"2021-06-08T18:24:37","slug":"medunarodno-natjecanje-pijanista-una-corda-kastav","status":"publish","type":"post","link":"https:\/\/glazbena.hr\/gb\/natjecanja\/medunarodno-natjecanje-pijanista-una-corda-kastav\/","title":{"rendered":"Me\u0111unarodno natjecanje pijanista Una Corda&#8221; Kastav"},"content":{"rendered":"<p>Malen, ali izuzetno aktivan Glazbeni odjel pri O\u0160 &#8220;Milan Brozovi\u0107&#8221; u Kastvu, organizirao je tijekom svibnja me\u0111unarodno natjecanje klavirista osnovno\u0161kolskog uzrasta, &#8220;Una Corda&#8221;. Natjecanje je, kao i ve\u0107ina u zadnje vrijeme, odr\u017eano u online formatu.<br \/>\nSudjelovalo je vi\u0161e u\u010denika Glazbene \u0161kole u Vara\u017edinu i ostvarili su odli\u010dne rezultate.<\/p>\n<p>MATEJ KRI\u017dANI\u0106 &#8211; zlatno priznanje\/ 1. mjesto i posebna nagrada &#8220;Cantus&#8221; Hrvatskog dru\u0161tva skladatelja u 4. kategoriji (Ivana Godec-Vincekovi\u0107)<br \/>\nKIARA MAJDAK &#8211; zlatno priznanje\/ 1. mjesto i posebna nagrada &#8220;Cantus&#8221; Hrvatskog dru\u0161tva skladatelja u 2. kategoriji (Helena Knapi\u0107)<br \/>\nIVAN JURANKO &#8211; zlatno priznanje\/ 2. mjesto u 5. kategoriji (Lea \u0160antek)<br \/>\nHANA \u017dIGER &#8211; zlatno priznanje\/ 2. mjesto u 2. kategoriji (Ivana Godec-Vincekovi\u0107)<br \/>\nIDA KUKEC &#8211; zlatno priznanje\/ 4. mjesto u 2. kategoriji (Monika Zlatarek)<br \/>\nSARA HOJSAK &#8211; zlatno priznanje\/ 4. mjesto u 1. kategoriji (Helena Knapi\u0107)<br \/>\nANJA MARTAN &#8211; zlatno priznanje\/ 5. mjesto u 3. kategoriji (Monika Zlatarek)<br \/>\nJELENA KOLA\u010cKO &#8211; zlatno priznanje\/ 11. mjesto u 1. kategoriji (Helena Herman)<br \/>\nKAJA ODAK &#8211; srebrno priznanje\/ 10. mjesto u 2. kategoriji (Helena Herman)<br \/>\nANA FUNDA &#8211; bron\u010dano priznanje\/ 8. mjesto u 3. kategoriji (Monika Zlatarek)<\/p>\n","protected":false},"excerpt":{"rendered":"<p>Malen, ali izuzetno aktivan Glazbeni odjel pri O\u0160 &#8220;Milan Brozovi\u0107&#8221; u Kastvu, organizirao je tijekom svibnja me\u0111unarodno natjecanje klavirista osnovno\u0161kolskog uzrasta, &#8220;Una Corda&#8221;. Natjecanje je, kao i ve\u0107ina u zadnje vrijeme, odr\u017eano u online formatu. Sudjelovalo je vi\u0161e u\u010denika Glazbene \u0161kole u Vara\u017edinu i ostvarili su odli\u010dne rezultate. MATEJ KRI\u017dANI\u0106 &#8211; zlatno priznanje\/ 1. mjesto [&hellip;]<\/p>\n","protected":false},"author":5,"featured_media":0,"comment_status":"closed","ping_status":"closed","sticky":false,"template":"","format":"standard","meta":{"footnotes":""},"categories":[70,66],"tags":[],"class_list":["post-15653","post","type-post","status-publish","format-standard","hentry","category-aktivnosti","category-natjecanja"],"translation":{"provider":"WPGlobus","version":"3.0.0","language":"gb","enabled_languages":["hr","gb"],"languages":{"hr":{"title":true,"content":true,"excerpt":false},"gb":{"title":false,"content":false,"excerpt":false}}},"_links":{"self":[{"href":"https:\/\/glazbena.hr\/gb\/wp-json\/wp\/v2\/posts\/15653","targetHints":{"allow":["GET"]}}],"collection":[{"href":"https:\/\/glazbena.hr\/gb\/wp-json\/wp\/v2\/posts"}],"about":[{"href":"https:\/\/glazbena.hr\/gb\/wp-json\/wp\/v2\/types\/post"}],"author":[{"embeddable":true,"href":"https:\/\/glazbena.hr\/gb\/wp-json\/wp\/v2\/users\/5"}],"replies":[{"embeddable":true,"href":"https:\/\/glazbena.hr\/gb\/wp-json\/wp\/v2\/comments?post=15653"}],"version-history":[{"count":2,"href":"https:\/\/glazbena.hr\/gb\/wp-json\/wp\/v2\/posts\/15653\/revisions"}],"predecessor-version":[{"id":15655,"href":"https:\/\/glazbena.hr\/gb\/wp-json\/wp\/v2\/posts\/15653\/revisions\/15655"}],"wp:attachment":[{"href":"https:\/\/glazbena.hr\/gb\/wp-json\/wp\/v2\/media?parent=15653"}],"wp:term":[{"taxonomy":"category","embeddable":true,"href":"https:\/\/glazbena.hr\/gb\/wp-json\/wp\/v2\/categories?post=15653"},{"taxonomy":"post_tag","embeddable":true,"href":"https:\/\/glazbena.hr\/gb\/wp-json\/wp\/v2\/tags?post=15653"}],"curies":[{"name":"wp","href":"https:\/\/api.w.org\/{rel}","templated":true}]}}