{"id":15748,"date":"2021-06-24T22:10:11","date_gmt":"2021-06-24T20:10:11","guid":{"rendered":"https:\/\/glazbena.hr\/?p=15748"},"modified":"2021-06-24T22:23:05","modified_gmt":"2021-06-24T20:23:05","slug":"rezultati-prijemne-audicije-za-prvi-razred-osnovne-glazbene-skole-u-podrucnim-odjelima-ljetni-upisni-rok","status":"publish","type":"post","link":"https:\/\/glazbena.hr\/gb\/osnovna-glazbena\/rezultati-prijemne-audicije-za-prvi-razred-osnovne-glazbene-skole-u-podrucnim-odjelima-ljetni-upisni-rok\/","title":{"rendered":"Rezultati prijemne audicije za prvi razred osnovne glazbene \u0161kole u podru\u010dnim odjelima &#8211; ljetni upisni rok"},"content":{"rendered":"<p><strong>Upisi \u0107e se u svim podru\u010dnim odjelima odr\u017eati u petak, 25. lipnja 2021. od 17.00 do 18.00 sati.<\/strong><\/p>\n<p>&nbsp;<\/p>\n<p><a href=\"https:\/\/glazbena.hr\/wp-content\/uploads\/2021\/06\/Rezultati-prijemne-audicije-za-upis-ucenika-u-1.-razred-u-sk.god_.-2021.2022-Podrucni-odjel-u-Ivancu-1.pdf\">Rezultati prijemne audicije za upis u\u010denika u 1. razred u sk.god. 2021.2022 &#8211; Podru\u010dni odjel u Ivancu <\/a><\/p>\n<p><a href=\"https:\/\/glazbena.hr\/wp-content\/uploads\/2021\/06\/Rezultati-prijemne-audicije-za-upis-ucenika-u-1.-razred-u-sk.-god.-2021.2022-Podrucni-odjel-u-Cestici.pdf\">Rezultati prijemne audicije za upis u\u010denika u 1. razred u sk. god. 2021.2022 &#8211; Podru\u010dni odjel u Cestici<\/a><\/p>\n<p><a href=\"https:\/\/glazbena.hr\/wp-content\/uploads\/2021\/06\/Rezultati-prijemne-audicije-za-upis-ucenika-u-1.-razred-u-sk.god_.-2021.2022-Podrucni-odjel-u-Varazdinskim-Toplicama.pdf\">Rezultati prijemne audicije za upis u\u010denika u 1. razred u sk.god. 2021.2022 &#8211; Podru\u010dni odjel u Vara\u017edinskim Toplicama<\/a><\/p>\n<p><a href=\"https:\/\/glazbena.hr\/wp-content\/uploads\/2021\/06\/Rezultati-prijemne-audicije-za-upis-ucenika-u-1.-razred-u-sk.god_.-2021.2022-Podrucni-odjel-u-Lepoglavi.pdf\">Rezultati prijemne audicije za upis u\u010denika u 1. razred u sk.god. 2021.2022 &#8211; Podru\u010dni odjel u Lepoglavi<\/a><\/p>\n","protected":false},"excerpt":{"rendered":"<p>Upisi \u0107e se u svim podru\u010dnim odjelima odr\u017eati u petak, 25. lipnja 2021. od 17.00 do 18.00 sati. &nbsp; Rezultati prijemne audicije za upis u\u010denika u 1. razred u sk.god. 2021.2022 &#8211; Podru\u010dni odjel u Ivancu Rezultati prijemne audicije za upis u\u010denika u 1. razred u sk. god. 2021.2022 &#8211; Podru\u010dni odjel u Cestici Rezultati [&hellip;]<\/p>\n","protected":false},"author":5,"featured_media":0,"comment_status":"closed","ping_status":"closed","sticky":false,"template":"","format":"standard","meta":{"footnotes":""},"categories":[61],"tags":[],"class_list":["post-15748","post","type-post","status-publish","format-standard","hentry","category-osnovna-glazbena"],"translation":{"provider":"WPGlobus","version":"3.0.0","language":"gb","enabled_languages":["hr","gb"],"languages":{"hr":{"title":true,"content":true,"excerpt":false},"gb":{"title":false,"content":false,"excerpt":false}}},"_links":{"self":[{"href":"https:\/\/glazbena.hr\/gb\/wp-json\/wp\/v2\/posts\/15748","targetHints":{"allow":["GET"]}}],"collection":[{"href":"https:\/\/glazbena.hr\/gb\/wp-json\/wp\/v2\/posts"}],"about":[{"href":"https:\/\/glazbena.hr\/gb\/wp-json\/wp\/v2\/types\/post"}],"author":[{"embeddable":true,"href":"https:\/\/glazbena.hr\/gb\/wp-json\/wp\/v2\/users\/5"}],"replies":[{"embeddable":true,"href":"https:\/\/glazbena.hr\/gb\/wp-json\/wp\/v2\/comments?post=15748"}],"version-history":[{"count":4,"href":"https:\/\/glazbena.hr\/gb\/wp-json\/wp\/v2\/posts\/15748\/revisions"}],"predecessor-version":[{"id":15755,"href":"https:\/\/glazbena.hr\/gb\/wp-json\/wp\/v2\/posts\/15748\/revisions\/15755"}],"wp:attachment":[{"href":"https:\/\/glazbena.hr\/gb\/wp-json\/wp\/v2\/media?parent=15748"}],"wp:term":[{"taxonomy":"category","embeddable":true,"href":"https:\/\/glazbena.hr\/gb\/wp-json\/wp\/v2\/categories?post=15748"},{"taxonomy":"post_tag","embeddable":true,"href":"https:\/\/glazbena.hr\/gb\/wp-json\/wp\/v2\/tags?post=15748"}],"curies":[{"name":"wp","href":"https:\/\/api.w.org\/{rel}","templated":true}]}}