{"id":15925,"date":"2021-07-19T09:04:31","date_gmt":"2021-07-19T07:04:31","guid":{"rendered":"https:\/\/glazbena.hr\/?p=15925"},"modified":"2021-07-19T09:04:31","modified_gmt":"2021-07-19T07:04:31","slug":"piano-in-the-sky","status":"publish","type":"post","link":"https:\/\/glazbena.hr\/gb\/activity\/piano-in-the-sky\/","title":{"rendered":"Piano in the Sky"},"content":{"rendered":"<p>Piano in the Sky naziv je za prvotno online koncerte putem Zoom platforme koje su pro\u0161le \u0161kolske godine tijekom prvog lockdowna pokrenule nastavnice Svetlana Reli\u0107, prof. mentor iz Glazbene \u0161kole Vatroslava Lisinskog i Lea \u0160antek, prof. savjetnik iz Glazbene \u0161kole u Vara\u017edinu kako bi u novonastaloj situaciji dodatno motivirale u\u010denike i zadr\u017eale privid \u201cnormalnosti\u201d. S po\u010detkom ove \u0161kolske godine i s obzirom na epidemiolo\u0161ku situaciju nastavnice vo\u0111ene uzre\u010dicom \u201cjavni nastupi vje\u017ebaju se javnim nastupanjem\u201d odlu\u010dile su nastaviti s inicijativom pa je tako ove godine odr\u017eano \u010dak 17 takvih virtualnih doga\u0111aja, a od drugog polugodi\u0161ta, zbog pogor\u0161anja epidemiolo\u0161ke situacije, odlu\u010dile su pove\u0107ati u\u010destalost virtualnih dru\u017eenja i priu\u0161titi radost muziciranja u\u010denicima i njihovim roditeljima ba\u0161 svaki tjedan kako bi u\u010denici podijelili plodove svojega rada i truda s publikom, uvje\u017ebavaju\u0107i pritom javni nastup pripremaju\u0107i se za nadolaze\u0107a natjecanja i ispite pod nazivom \u201cZoomamo \u010detvrtkom\u201d kao nove inicijative online koncerata (radionica) u\u010denika klavira koji se odr\u017eavaju svakog \u010detvrtka na zoom oblaku.<\/p>\n<p>\u201cPiano in the Sky\u201d ponajprije zami\u0161ljen kao online koncert tako je nadrastao svoju po\u010detnu ideju i postao va\u017ean i omiljeni projekt svih sudionika, u kojemu u\u010denici u vidu radionice uz uvje\u017ebavanje javnog nastupa istovremeno raznim metodama i tehnikama razvijaju pozitivan i empati\u010dan stav prema samima sebi, drugima i svijetu oko sebe te kriti\u010dko mi\u0161ljenje, u\u010de\u0107i va\u017enost timskog rada i pru\u017eanja kolegijalne podr\u0161ke i pomo\u0107i u smislu razmjene prvenstveno podr\u0161ke, suosje\u0107anja, iskustava, znanja, savjeta, ideja i razmi\u0161ljanja kroz razne glazbene i me\u0111upredmetne teme i uz pomo\u0107 tehnologije i kori\u0161tenjem raznih digitalnih alata pritom razvijaju svoje digitalne vje\u0161tine.<\/p>\n<p>Ove godine sudjelovale su ukupno 4 \u0161kole iz regije: Glazbena \u0161kola u Vara\u017edinu, Glazbena \u0161kola Vatroslava Lisinskog iz Bjelovara, Umjetni\u010dka \u0161kola \u201cFortunat Pintari\u0107\u201d iz Koprivnice i Osnovna glazbena \u0161kola pri Osnovnoj \u0161koli M. P. Katan\u010di\u0107a iz Valpova.<\/p>\n<p>Iz Glazbene \u0161kole u Vara\u017edinu sudjelovali su u\u010denici Janko Lazar, 1.o., Petra Mu\u0161kardin, 1.o., Ana \u0110idara, 2.o., Marko Ma\u010dek, 2.o., Matija Sajko, 2.o., Leda Cahunek, 3.o., Matej Ratkovi\u0107, 3.o., Adam Rendi\u0107, 3.o., Ivan Juranko, 5.o., Hana \u0160iroki, 1.s. i Lucija \u010cehok, 2.s. iz klase nastavnice Lee \u0160antek, prof. savjetnik te u\u010denici Jelena Kola\u010dko, 1.o., Iva Zagorec, 1.o., Mihaela Hranj, 2.o., Jana Kri\u017emari\u0107, 2.o., Vita Martin\u010devi\u0107, 2.o., Kaja Odak, 2.o., Manuela Hranj, 5.o. i Lana Stankovi\u0107 Vr\u010dek, 6.o. iz klase nastavnice Helene Herman, mag. mus.<\/p>\n<p>Iz Glazbene \u0161kole Vatroslava Lisinskog iz Bjelovara sudjelovali su u\u010denici Ana Volf, 1.o., Lana Pata\u010dko, 2.o., Lovro Damjani\u0107, 3.o., Ida Hlebec, 3.o., Mia Unger, 3.o., Maja Matu\u0161, 3.o., Gita Lovri\u0107, 4.o., Magdalena Star\u010devi\u0107, 5.o., Helena Bajser, 6.o., Lucija Golec, 6.o., Luka Pavi\u010di\u0107, 1.s., Benedikt Vrlac, 1.s., Tea Holi, 4.s. i Roman Mihali\u0107, 4.s. iz klase nastavnice Svetlane Reli\u0107, prof. mentor te u\u010denici Hanna Jureti\u0107, 1.o., Marta Bini\u010dki, 1.o., Iva Tolnaj, 5.o., Lea Toma\u0161i\u0107, 5.o. i Ta\u0161a Po\u010du\u010da, 6.o. iz klase nastavnice Tatjane Cinek, prof.<\/p>\n<p>Iz Osnovne glazbene \u0161kole pri O\u0160 M. P. Katan\u010di\u0107a iz Valpova sudjelovao je u\u010denik Tin Mijatov, 6.o. iz klase nastavnice Tihane Ivankovi\u0107, prof. savjetnik.<\/p>\n<p>Iz Umjetni\u010dke \u0161kole \u201cFortunat Pintari\u0107\u201d iz Koprivnice sudjelovali su u\u010denici Grgur Zagrajski, 3.o. i Lucija Turk, 5.o. iz klase nastavnice Maje Petrovi\u0107, prof. i u\u010denik Martin Domanovac, 4.o. iz klase nastavnice Jelene Ko\u0161uti\u0107, prof.<\/p>\n<p>Javni nastupi va\u017ean su segment u razvoju mladih umjetnika, a prema rije\u010dima nastavnica uvje\u017ebavaju se isklju\u010divo i najvi\u0161e upravo nastupanjem, pa iako ni\u0161ta ne mo\u017ee zamijeniti nastupe u\u017eivo, svi sudionici \u017eeljeli bi da \u201cPiano in the Sky\u201d postoji uz njih i dalje.<\/p>\n","protected":false},"excerpt":{"rendered":"<p>Piano in the Sky naziv je za prvotno online koncerte putem Zoom platforme koje su pro\u0161le \u0161kolske godine tijekom prvog lockdowna pokrenule nastavnice Svetlana Reli\u0107, prof. mentor iz Glazbene \u0161kole Vatroslava Lisinskog i Lea \u0160antek, prof. savjetnik iz Glazbene \u0161kole u Vara\u017edinu kako bi u novonastaloj situaciji dodatno motivirale u\u010denike i zadr\u017eale privid \u201cnormalnosti\u201d. S [&hellip;]<\/p>\n","protected":false},"author":5,"featured_media":0,"comment_status":"closed","ping_status":"closed","sticky":false,"template":"","format":"standard","meta":{"footnotes":""},"categories":[70],"tags":[],"class_list":["post-15925","post","type-post","status-publish","format-standard","hentry","category-aktivnosti"],"translation":{"provider":"WPGlobus","version":"3.0.0","language":"gb","enabled_languages":["hr","gb"],"languages":{"hr":{"title":true,"content":true,"excerpt":false},"gb":{"title":false,"content":false,"excerpt":false}}},"_links":{"self":[{"href":"https:\/\/glazbena.hr\/gb\/wp-json\/wp\/v2\/posts\/15925","targetHints":{"allow":["GET"]}}],"collection":[{"href":"https:\/\/glazbena.hr\/gb\/wp-json\/wp\/v2\/posts"}],"about":[{"href":"https:\/\/glazbena.hr\/gb\/wp-json\/wp\/v2\/types\/post"}],"author":[{"embeddable":true,"href":"https:\/\/glazbena.hr\/gb\/wp-json\/wp\/v2\/users\/5"}],"replies":[{"embeddable":true,"href":"https:\/\/glazbena.hr\/gb\/wp-json\/wp\/v2\/comments?post=15925"}],"version-history":[{"count":2,"href":"https:\/\/glazbena.hr\/gb\/wp-json\/wp\/v2\/posts\/15925\/revisions"}],"predecessor-version":[{"id":15927,"href":"https:\/\/glazbena.hr\/gb\/wp-json\/wp\/v2\/posts\/15925\/revisions\/15927"}],"wp:attachment":[{"href":"https:\/\/glazbena.hr\/gb\/wp-json\/wp\/v2\/media?parent=15925"}],"wp:term":[{"taxonomy":"category","embeddable":true,"href":"https:\/\/glazbena.hr\/gb\/wp-json\/wp\/v2\/categories?post=15925"},{"taxonomy":"post_tag","embeddable":true,"href":"https:\/\/glazbena.hr\/gb\/wp-json\/wp\/v2\/tags?post=15925"}],"curies":[{"name":"wp","href":"https:\/\/api.w.org\/{rel}","templated":true}]}}