{"id":15928,"date":"2021-07-19T09:10:46","date_gmt":"2021-07-19T07:10:46","guid":{"rendered":"https:\/\/glazbena.hr\/?p=15928"},"modified":"2021-07-19T09:10:46","modified_gmt":"2021-07-19T07:10:46","slug":"karlovac-piano-festival","status":"publish","type":"post","link":"https:\/\/glazbena.hr\/gb\/activity\/karlovac-piano-festival\/","title":{"rendered":"Karlovac piano festival"},"content":{"rendered":"<p>U sklopu tradicionalnog projekta Karlovac piano festival kojeg svake godine u lipnju organizira najstarija glazbena \u0161kola u Hrvatskoj &#8211; Glazbena \u0161kola Karlovac pod pokroviteljstvom Ministarstva znanosti i obrazovanja i ove godine odr\u017ean je Karlovac Piano maraton 23. lipnja u Glazbenom paviljonu u parku, u\u017eivo.<\/p>\n<p>U drugom dijelu koncerta u\u010denika glazbenih \u0161kola nastupili su i na\u0161i u\u010denici Matej Ratkovi\u0107, 3.o. i Hana \u0160iroki, 1.s. koji klavir u\u010de u klasi nastavnice Lee \u0160antek, prof. savjetnik. Ove godine je u projektu sudjelovalo ukupno 36 izvo\u0111a\u010da iz 6 \u0161kola: Glazbena \u0161kola Karlovac, Glazbena \u0161kola Vatroslav Lisinski u Zagrebu, Glazbena \u0161kola Pavla Markovca Zagreb, Glazbena \u0161kola Jastrebarsko, Glazbena \u0161kola Zlatko Grgo\u0161evi\u0107 Sesvete i Glazbena \u0161kola u Vara\u017edinu.<\/p>\n<p><a href=\"https:\/\/glazbena.hr\/wp-content\/uploads\/2021\/07\/Piano-maraton-2021-program.pdf\">Piano maraton-2021-program<\/a><\/p>\n<p><a href=\"https:\/\/glazbena.hr\/wp-content\/uploads\/2021\/07\/20210628_094839000_iOS.jpg\"><img loading=\"lazy\" decoding=\"async\" class=\"alignnone size-medium wp-image-15929\" src=\"https:\/\/glazbena.hr\/wp-content\/uploads\/2021\/07\/20210628_094839000_iOS-300x229.jpg\" alt=\"\" width=\"300\" height=\"229\" srcset=\"https:\/\/glazbena.hr\/wp-content\/uploads\/2021\/07\/20210628_094839000_iOS-300x229.jpg 300w, https:\/\/glazbena.hr\/wp-content\/uploads\/2021\/07\/20210628_094839000_iOS.jpg 638w\" sizes=\"auto, (max-width: 300px) 100vw, 300px\" \/><\/a> <a href=\"https:\/\/glazbena.hr\/wp-content\/uploads\/2021\/07\/20210628_094822000_iOS.jpg\"><img loading=\"lazy\" decoding=\"async\" class=\"alignnone size-medium wp-image-15930\" src=\"https:\/\/glazbena.hr\/wp-content\/uploads\/2021\/07\/20210628_094822000_iOS-300x230.jpg\" alt=\"\" width=\"300\" height=\"230\" srcset=\"https:\/\/glazbena.hr\/wp-content\/uploads\/2021\/07\/20210628_094822000_iOS-300x230.jpg 300w, https:\/\/glazbena.hr\/wp-content\/uploads\/2021\/07\/20210628_094822000_iOS.jpg 625w\" sizes=\"auto, (max-width: 300px) 100vw, 300px\" \/><\/a><\/p>\n<p><a href=\"https:\/\/glazbena.hr\/wp-content\/uploads\/2021\/07\/20210628_094813000_iOS.jpg\"><img loading=\"lazy\" decoding=\"async\" class=\"alignnone size-medium wp-image-15931\" src=\"https:\/\/glazbena.hr\/wp-content\/uploads\/2021\/07\/20210628_094813000_iOS-194x300.jpg\" alt=\"\" width=\"194\" height=\"300\" srcset=\"https:\/\/glazbena.hr\/wp-content\/uploads\/2021\/07\/20210628_094813000_iOS-194x300.jpg 194w, https:\/\/glazbena.hr\/wp-content\/uploads\/2021\/07\/20210628_094813000_iOS.jpg 548w\" sizes=\"auto, (max-width: 194px) 100vw, 194px\" \/><\/a><\/p>\n<p>&nbsp;<\/p>\n","protected":false},"excerpt":{"rendered":"<p>U sklopu tradicionalnog projekta Karlovac piano festival kojeg svake godine u lipnju organizira najstarija glazbena \u0161kola u Hrvatskoj &#8211; Glazbena \u0161kola Karlovac pod pokroviteljstvom Ministarstva znanosti i obrazovanja i ove godine odr\u017ean je Karlovac Piano maraton 23. lipnja u Glazbenom paviljonu u parku, u\u017eivo. U drugom dijelu koncerta u\u010denika glazbenih \u0161kola nastupili su i na\u0161i [&hellip;]<\/p>\n","protected":false},"author":5,"featured_media":0,"comment_status":"closed","ping_status":"closed","sticky":false,"template":"","format":"standard","meta":{"footnotes":""},"categories":[70],"tags":[],"class_list":["post-15928","post","type-post","status-publish","format-standard","hentry","category-aktivnosti"],"translation":{"provider":"WPGlobus","version":"3.0.0","language":"gb","enabled_languages":["hr","gb"],"languages":{"hr":{"title":true,"content":true,"excerpt":false},"gb":{"title":false,"content":false,"excerpt":false}}},"_links":{"self":[{"href":"https:\/\/glazbena.hr\/gb\/wp-json\/wp\/v2\/posts\/15928","targetHints":{"allow":["GET"]}}],"collection":[{"href":"https:\/\/glazbena.hr\/gb\/wp-json\/wp\/v2\/posts"}],"about":[{"href":"https:\/\/glazbena.hr\/gb\/wp-json\/wp\/v2\/types\/post"}],"author":[{"embeddable":true,"href":"https:\/\/glazbena.hr\/gb\/wp-json\/wp\/v2\/users\/5"}],"replies":[{"embeddable":true,"href":"https:\/\/glazbena.hr\/gb\/wp-json\/wp\/v2\/comments?post=15928"}],"version-history":[{"count":2,"href":"https:\/\/glazbena.hr\/gb\/wp-json\/wp\/v2\/posts\/15928\/revisions"}],"predecessor-version":[{"id":15934,"href":"https:\/\/glazbena.hr\/gb\/wp-json\/wp\/v2\/posts\/15928\/revisions\/15934"}],"wp:attachment":[{"href":"https:\/\/glazbena.hr\/gb\/wp-json\/wp\/v2\/media?parent=15928"}],"wp:term":[{"taxonomy":"category","embeddable":true,"href":"https:\/\/glazbena.hr\/gb\/wp-json\/wp\/v2\/categories?post=15928"},{"taxonomy":"post_tag","embeddable":true,"href":"https:\/\/glazbena.hr\/gb\/wp-json\/wp\/v2\/tags?post=15928"}],"curies":[{"name":"wp","href":"https:\/\/api.w.org\/{rel}","templated":true}]}}