{"id":15940,"date":"2021-07-28T08:44:56","date_gmt":"2021-07-28T06:44:56","guid":{"rendered":"https:\/\/glazbena.hr\/?p=15940"},"modified":"2021-07-28T08:45:47","modified_gmt":"2021-07-28T06:45:47","slug":"talentom-do-izvrsnosti-postajenje-glazbenikom","status":"publish","type":"post","link":"https:\/\/glazbena.hr\/gb\/activity\/talentom-do-izvrsnosti-postajenje-glazbenikom\/","title":{"rendered":"Talentom do izvrsnosti &#8211; postajenje glazbenikom"},"content":{"rendered":"<p>Glazbena \u0161kola u Vara\u017edinu od svog osnutka ima iznimno va\u017enu ulogu ne samo kao obrazovna ustanova specijalizirana za pou\u010davanje, usavr\u0161avanje i istra\u017eivanje glazbe, ve\u0107 kao i kulturno sredi\u0161te Vara\u017edina i Vara\u017edinske \u017eupanije. Iako \u201ekvalitetno obrazovanje\u201c nije jednostavan koncept, tako\u0111er je vrlo va\u017eno naglasiti vizionarsko vodstvo me\u0111u svim ostalim pedago\u0161kim aspektima. To implicira da upravo \u0161kola prepoznaje va\u017enost izgradnje suradnje s istaknutim pojedincima (umjetnicima i znanstvenicima) i institucijama (udruge, \u0161kole, akademije, sveu\u010dili\u0161ta, kulturne institucije, kazali\u0161ta, orkestri, itd.). Stoga je Glazbena \u0161kola u Vara\u017edinu kontinuirano otvorena za sve razli\u010dite na\u010dine suradnje &#8211; me\u0111u pojedincima i na institucionalnoj razini. Za umjetni\u010dku \u0161kolu kao \u0161to je vara\u017edinska Glazbena \u0161kola suradnja na individualnoj razini pretpostavlja kontakte izme\u0111u rezidentnih nastavnika i njihovih kolega s razli\u010ditih obrazovnih institucija i sveu\u010dili\u0161ta u zemlji i inozemstvu, kao i slobodnih umjetnika. Vrlo je va\u017eno poticati ove na\u010dine komunikacije jer mogu br\u017ee dovesti do zajedni\u010dkog cilja &#8211; ve\u0107e \u0161anse i mogu\u0107nosti za u\u010denike. Tako se kao prioritet redovito postavlja o\u010duvanje visokih standarda u redovnom obrazovanju i oboga\u0107ivanje cjelokupnog obrazovnog procesa razli\u010ditim oblicima suradnje.<br \/>\nUsprkos pandemiji koja je na kratko odgodila planirane projekte, Glazbena \u0161kola u Vara\u017edinu aplicirala je na natje\u010daj Agencije za mobilnost i programe Europske unije s projektom pod nazivom &#8220;Talentom do izvrsnosti &#8211; postajanje glazbenikom&#8221;, koji je u kona\u010dnici i odobren od strane nacionalne agencije te \u0107e u\u010denici vi\u0161ih razreda srednje glazbene \u0161kole biti u mogu\u0107nosti upoznati i sudjelovati u radu &#8220;School for Young Talent&#8221; koja djeluje u sklopu institucije &#8220;Royal Conservatoire The Hague&#8221; &#8211; Koninklijk Conservatorium u Nizozemskoj.<\/p>\n<p>Najstariji nizozemski konzervatoriji Royal Conservatoire The Hague, od samog svog osnutka, 1826. godine te\u017ei ka povezivanju tradicije i inovativnosti u kulturi i obrazovanju, a uskoro ga o\u010dekuje i preseljenje u novoizgra\u0111eni kulturni i obrazovni kompleks Den Haaga \u201eAmare\u201c . Glazbeni je to institutu koji se desetlje\u0107ima zala\u017ee za najvi\u0161u kvalitetu u obrazovanju, na kojem su kao nastavnici zaposleni me\u0111unarodno poznati glazbenici, a gdje su tradicija i vje\u0161tina jednako va\u017eni kao i eksperiment i inovacija. Konzervatorij obuhva\u0107a sve stupnjeve obrazovanja, a za takvo ustrojstvo se kao institucija zala\u017ee i Glazbena \u0161kola u Vara\u017edinu.<br \/>\nVjerujemo da \u0107e u\u010denici Glazbene \u0161kole u Vara\u017edinu ovom mobilno\u0161\u0107u dobiti uvid u glazbeno obrazovanje neke druge zemlje, upoznati se s novom kulturom, tradicijom i jezikom, stvoriti nova prijateljstva, ali i ste\u0107i nove vje\u0161tine i kompetencije va\u017ene za njihov muzi\u010dki, ali i osobni razvoj.<\/p>\n<p><a href=\"https:\/\/glazbena.hr\/wp-content\/uploads\/2021\/07\/Royal-Conservatoire-Den-Haag-Amare.jpg\"><img loading=\"lazy\" decoding=\"async\" class=\"alignnone wp-image-15941 size-large\" src=\"https:\/\/glazbena.hr\/wp-content\/uploads\/2021\/07\/Royal-Conservatoire-Den-Haag-Amare-1024x576.jpg\" alt=\"\" width=\"1024\" height=\"576\" srcset=\"https:\/\/glazbena.hr\/wp-content\/uploads\/2021\/07\/Royal-Conservatoire-Den-Haag-Amare-1024x576.jpg 1024w, https:\/\/glazbena.hr\/wp-content\/uploads\/2021\/07\/Royal-Conservatoire-Den-Haag-Amare-300x169.jpg 300w, https:\/\/glazbena.hr\/wp-content\/uploads\/2021\/07\/Royal-Conservatoire-Den-Haag-Amare-768x432.jpg 768w, https:\/\/glazbena.hr\/wp-content\/uploads\/2021\/07\/Royal-Conservatoire-Den-Haag-Amare-1536x864.jpg 1536w, https:\/\/glazbena.hr\/wp-content\/uploads\/2021\/07\/Royal-Conservatoire-Den-Haag-Amare.jpg 1920w\" sizes=\"auto, (max-width: 1024px) 100vw, 1024px\" \/><\/a><\/p>\n<p><a href=\"https:\/\/glazbena.hr\/wp-content\/uploads\/2021\/07\/Glazbena-skola-u-Varazdinu.jpg\"><img loading=\"lazy\" decoding=\"async\" class=\"alignnone wp-image-15942 size-large\" src=\"https:\/\/glazbena.hr\/wp-content\/uploads\/2021\/07\/Glazbena-skola-u-Varazdinu-1024x569.jpg\" alt=\"\" width=\"1024\" height=\"569\" srcset=\"https:\/\/glazbena.hr\/wp-content\/uploads\/2021\/07\/Glazbena-skola-u-Varazdinu-1024x569.jpg 1024w, https:\/\/glazbena.hr\/wp-content\/uploads\/2021\/07\/Glazbena-skola-u-Varazdinu-300x167.jpg 300w, https:\/\/glazbena.hr\/wp-content\/uploads\/2021\/07\/Glazbena-skola-u-Varazdinu-768x427.jpg 768w, https:\/\/glazbena.hr\/wp-content\/uploads\/2021\/07\/Glazbena-skola-u-Varazdinu-1536x854.jpg 1536w, https:\/\/glazbena.hr\/wp-content\/uploads\/2021\/07\/Glazbena-skola-u-Varazdinu.jpg 2048w\" sizes=\"auto, (max-width: 1024px) 100vw, 1024px\" \/><\/a><\/p>\n","protected":false},"excerpt":{"rendered":"<p>Glazbena \u0161kola u Vara\u017edinu od svog osnutka ima iznimno va\u017enu ulogu ne samo kao obrazovna ustanova specijalizirana za pou\u010davanje, usavr\u0161avanje i istra\u017eivanje glazbe, ve\u0107 kao i kulturno sredi\u0161te Vara\u017edina i Vara\u017edinske \u017eupanije. Iako \u201ekvalitetno obrazovanje\u201c nije jednostavan koncept, tako\u0111er je vrlo va\u017eno naglasiti vizionarsko vodstvo me\u0111u svim ostalim pedago\u0161kim aspektima. To implicira da upravo \u0161kola [&hellip;]<\/p>\n","protected":false},"author":5,"featured_media":0,"comment_status":"closed","ping_status":"closed","sticky":false,"template":"","format":"standard","meta":{"footnotes":""},"categories":[70,83],"tags":[],"class_list":["post-15940","post","type-post","status-publish","format-standard","hentry","category-aktivnosti","category-erasmus-plus"],"translation":{"provider":"WPGlobus","version":"3.0.0","language":"gb","enabled_languages":["hr","gb"],"languages":{"hr":{"title":true,"content":true,"excerpt":false},"gb":{"title":false,"content":false,"excerpt":false}}},"_links":{"self":[{"href":"https:\/\/glazbena.hr\/gb\/wp-json\/wp\/v2\/posts\/15940","targetHints":{"allow":["GET"]}}],"collection":[{"href":"https:\/\/glazbena.hr\/gb\/wp-json\/wp\/v2\/posts"}],"about":[{"href":"https:\/\/glazbena.hr\/gb\/wp-json\/wp\/v2\/types\/post"}],"author":[{"embeddable":true,"href":"https:\/\/glazbena.hr\/gb\/wp-json\/wp\/v2\/users\/5"}],"replies":[{"embeddable":true,"href":"https:\/\/glazbena.hr\/gb\/wp-json\/wp\/v2\/comments?post=15940"}],"version-history":[{"count":3,"href":"https:\/\/glazbena.hr\/gb\/wp-json\/wp\/v2\/posts\/15940\/revisions"}],"predecessor-version":[{"id":15944,"href":"https:\/\/glazbena.hr\/gb\/wp-json\/wp\/v2\/posts\/15940\/revisions\/15944"}],"wp:attachment":[{"href":"https:\/\/glazbena.hr\/gb\/wp-json\/wp\/v2\/media?parent=15940"}],"wp:term":[{"taxonomy":"category","embeddable":true,"href":"https:\/\/glazbena.hr\/gb\/wp-json\/wp\/v2\/categories?post=15940"},{"taxonomy":"post_tag","embeddable":true,"href":"https:\/\/glazbena.hr\/gb\/wp-json\/wp\/v2\/tags?post=15940"}],"curies":[{"name":"wp","href":"https:\/\/api.w.org\/{rel}","templated":true}]}}