{"id":16010,"date":"2021-08-23T19:54:38","date_gmt":"2021-08-23T17:54:38","guid":{"rendered":"https:\/\/glazbena.hr\/?p=16010"},"modified":"2021-08-23T19:54:38","modified_gmt":"2021-08-23T17:54:38","slug":"rezultati-prijemne-audicije-za-upis-u-prvi-razred-osnovne-glazbene-skole-jesenski-upisni-rok","status":"publish","type":"post","link":"https:\/\/glazbena.hr\/gb\/osnovna-glazbena\/rezultati-prijemne-audicije-za-upis-u-prvi-razred-osnovne-glazbene-skole-jesenski-upisni-rok\/","title":{"rendered":"Rezultati prijemne audicije za upis u prvi razred osnovne glazbene \u0161kole &#8211; jesenski upisni rok"},"content":{"rendered":"<p>Upisi u 1. razred osnovne glazbene \u0161kole:<\/p>\n<ul>\n<li><strong>utorak 24. kolovoz 2021. \u2013 od 9.00 do 13.00 u sobi 6<\/strong><\/li>\n<\/ul>\n<p><em><strong>Upisati se mogu u\u010denici koji su iznad bodovne crte, uz napomenu da je mogu\u0107e da \u0107e se bodovna crta spu\u0161tati obzirom da je vi\u0161e kandidata na listi poretka za dva instrumenta, a upisat \u0107e jedan.<\/strong><\/em><\/p>\n<p><a href=\"https:\/\/glazbena.hr\/wp-content\/uploads\/2021\/08\/Glazbena-skola-u-Varazdinu-Rezultati-prijemne-audicije-jesenski-upisni-rok-2021.2022.pdf\">Glazbena \u0161kola u Vara\u017edinu &#8211; Rezultati prijemne audicije &#8211; jesenski upisni rok 2021.2022<\/a><\/p>\n","protected":false},"excerpt":{"rendered":"<p>Upisi u 1. razred osnovne glazbene \u0161kole: utorak 24. kolovoz 2021. \u2013 od 9.00 do 13.00 u sobi 6 Upisati se mogu u\u010denici koji su iznad bodovne crte, uz napomenu da je mogu\u0107e da \u0107e se bodovna crta spu\u0161tati obzirom da je vi\u0161e kandidata na listi poretka za dva instrumenta, a upisat \u0107e jedan. Glazbena [&hellip;]<\/p>\n","protected":false},"author":5,"featured_media":0,"comment_status":"closed","ping_status":"closed","sticky":false,"template":"","format":"standard","meta":{"footnotes":""},"categories":[61],"tags":[],"class_list":["post-16010","post","type-post","status-publish","format-standard","hentry","category-osnovna-glazbena"],"translation":{"provider":"WPGlobus","version":"3.0.0","language":"gb","enabled_languages":["hr","gb"],"languages":{"hr":{"title":true,"content":true,"excerpt":false},"gb":{"title":false,"content":false,"excerpt":false}}},"_links":{"self":[{"href":"https:\/\/glazbena.hr\/gb\/wp-json\/wp\/v2\/posts\/16010","targetHints":{"allow":["GET"]}}],"collection":[{"href":"https:\/\/glazbena.hr\/gb\/wp-json\/wp\/v2\/posts"}],"about":[{"href":"https:\/\/glazbena.hr\/gb\/wp-json\/wp\/v2\/types\/post"}],"author":[{"embeddable":true,"href":"https:\/\/glazbena.hr\/gb\/wp-json\/wp\/v2\/users\/5"}],"replies":[{"embeddable":true,"href":"https:\/\/glazbena.hr\/gb\/wp-json\/wp\/v2\/comments?post=16010"}],"version-history":[{"count":2,"href":"https:\/\/glazbena.hr\/gb\/wp-json\/wp\/v2\/posts\/16010\/revisions"}],"predecessor-version":[{"id":16014,"href":"https:\/\/glazbena.hr\/gb\/wp-json\/wp\/v2\/posts\/16010\/revisions\/16014"}],"wp:attachment":[{"href":"https:\/\/glazbena.hr\/gb\/wp-json\/wp\/v2\/media?parent=16010"}],"wp:term":[{"taxonomy":"category","embeddable":true,"href":"https:\/\/glazbena.hr\/gb\/wp-json\/wp\/v2\/categories?post=16010"},{"taxonomy":"post_tag","embeddable":true,"href":"https:\/\/glazbena.hr\/gb\/wp-json\/wp\/v2\/tags?post=16010"}],"curies":[{"name":"wp","href":"https:\/\/api.w.org\/{rel}","templated":true}]}}