{"id":18242,"date":"2021-12-08T14:59:22","date_gmt":"2021-12-08T12:59:22","guid":{"rendered":"https:\/\/glazbena.hr\/?p=18242"},"modified":"2021-12-08T14:59:22","modified_gmt":"2021-12-08T12:59:22","slug":"produkcija-odjela-za-klavir-9-12-2021","status":"publish","type":"post","link":"https:\/\/glazbena.hr\/gb\/produkcije\/produkcija-odjela-za-klavir-9-12-2021\/","title":{"rendered":"Produkcija odjela za klavir &#8211; 9.12.2021."},"content":{"rendered":"<p>Produkcija odjela za klavir odr\u017eat \u0107e se 9.12.2021. godine u Velikoj koncertnoj dvorani Glazbene \u0161kole u Vara\u017edinu. Po\u010detak prvog dijela produkcije je u 16.30, a drugog dijela produkcije u 18.00 sati.<\/p>\n<p><a href=\"https:\/\/glazbena.hr\/wp-content\/uploads\/2021\/12\/Produkcija-9.12.2021.pdf\">Produkcija 9.12.2021<\/a><\/p>\n<p><a href=\"https:\/\/glazbena.hr\/wp-content\/uploads\/2021\/12\/Produkcija-9.12.2021.-I.pdf\">Produkcija 9.12.2021. I<\/a><\/p>\n","protected":false},"excerpt":{"rendered":"<p>Produkcija odjela za klavir odr\u017eat \u0107e se 9.12.2021. godine u Velikoj koncertnoj dvorani Glazbene \u0161kole u Vara\u017edinu. Po\u010detak prvog dijela produkcije je u 16.30, a drugog dijela produkcije u 18.00 sati. Produkcija 9.12.2021 Produkcija 9.12.2021. I<\/p>\n","protected":false},"author":5,"featured_media":0,"comment_status":"closed","ping_status":"closed","sticky":false,"template":"","format":"standard","meta":{"footnotes":""},"categories":[65],"tags":[],"class_list":["post-18242","post","type-post","status-publish","format-standard","hentry","category-produkcije"],"translation":{"provider":"WPGlobus","version":"3.0.0","language":"gb","enabled_languages":["hr","gb"],"languages":{"hr":{"title":true,"content":true,"excerpt":false},"gb":{"title":false,"content":false,"excerpt":false}}},"_links":{"self":[{"href":"https:\/\/glazbena.hr\/gb\/wp-json\/wp\/v2\/posts\/18242","targetHints":{"allow":["GET"]}}],"collection":[{"href":"https:\/\/glazbena.hr\/gb\/wp-json\/wp\/v2\/posts"}],"about":[{"href":"https:\/\/glazbena.hr\/gb\/wp-json\/wp\/v2\/types\/post"}],"author":[{"embeddable":true,"href":"https:\/\/glazbena.hr\/gb\/wp-json\/wp\/v2\/users\/5"}],"replies":[{"embeddable":true,"href":"https:\/\/glazbena.hr\/gb\/wp-json\/wp\/v2\/comments?post=18242"}],"version-history":[{"count":2,"href":"https:\/\/glazbena.hr\/gb\/wp-json\/wp\/v2\/posts\/18242\/revisions"}],"predecessor-version":[{"id":18246,"href":"https:\/\/glazbena.hr\/gb\/wp-json\/wp\/v2\/posts\/18242\/revisions\/18246"}],"wp:attachment":[{"href":"https:\/\/glazbena.hr\/gb\/wp-json\/wp\/v2\/media?parent=18242"}],"wp:term":[{"taxonomy":"category","embeddable":true,"href":"https:\/\/glazbena.hr\/gb\/wp-json\/wp\/v2\/categories?post=18242"},{"taxonomy":"post_tag","embeddable":true,"href":"https:\/\/glazbena.hr\/gb\/wp-json\/wp\/v2\/tags?post=18242"}],"curies":[{"name":"wp","href":"https:\/\/api.w.org\/{rel}","templated":true}]}}