{"id":18400,"date":"2022-01-03T12:43:06","date_gmt":"2022-01-03T10:43:06","guid":{"rendered":"https:\/\/glazbena.hr\/?p=18400"},"modified":"2022-01-03T12:43:06","modified_gmt":"2022-01-03T10:43:06","slug":"klavirtualnica","status":"publish","type":"post","link":"https:\/\/glazbena.hr\/gb\/activity\/klavirtualnica\/","title":{"rendered":"Klavirtualnica"},"content":{"rendered":"<p>U sklopu projekta \u201cKlavirtualnice\u201d &#8211; klavirske radionice 22. studenog 2021. godine u 18.30 sati u Glazbenoj \u0161koli u Vara\u017edinu odr\u017ean je javni sat u\u010denika Glazbene \u0161kole u Vara\u017edinu i njezinog Podru\u010dnog odjela u Ivancu iz klasa nastavnica Lee \u0160antek, prof. savjetnik i Lane Buba\u0161, mag. mus. Uz podr\u0161ku svih prisutnih u\u010denici su imali priliku uvje\u017ebavati javni nastup u\u017eivo izvode\u0107i pripremljene skladbe ne samo jednom nego \u010dak i dvaput kako bi se \u0161to bolje pripremili za nastup na nadolaze\u0107oj odjelnoj Klavirskoj produkciji.<\/p>\n<p>Nastupili su u\u010denici:<br \/>\nNeva Kelemen, 1.o.<br \/>\nStjepan Sever, 1.o.<br \/>\nNoa Ostoji\u0107, 1.o.<br \/>\nFilip Jaklin, 1.o.<br \/>\nJanko Lazar, 2.o.<br \/>\nPetra Mu\u0161kardin, 2.o.<br \/>\nMatija Sajko, 3.o.<br \/>\nMatej Ratkovi\u0107, 4.o.<\/p>\n<p><a href=\"https:\/\/glazbena.hr\/wp-content\/uploads\/2022\/01\/klavirtualnica-1.pdf\" target=\"_blank\" rel=\"noopener\">Klavirtualnica <\/a><\/p>\n<p>&nbsp;<\/p>\n","protected":false},"excerpt":{"rendered":"<p>U sklopu projekta \u201cKlavirtualnice\u201d &#8211; klavirske radionice 22. studenog 2021. godine u 18.30 sati u Glazbenoj \u0161koli u Vara\u017edinu odr\u017ean je javni sat u\u010denika Glazbene \u0161kole u Vara\u017edinu i njezinog Podru\u010dnog odjela u Ivancu iz klasa nastavnica Lee \u0160antek, prof. savjetnik i Lane Buba\u0161, mag. mus. Uz podr\u0161ku svih prisutnih u\u010denici su imali priliku uvje\u017ebavati [&hellip;]<\/p>\n","protected":false},"author":5,"featured_media":0,"comment_status":"closed","ping_status":"closed","sticky":false,"template":"","format":"standard","meta":{"footnotes":""},"categories":[70],"tags":[],"class_list":["post-18400","post","type-post","status-publish","format-standard","hentry","category-aktivnosti"],"translation":{"provider":"WPGlobus","version":"3.0.0","language":"gb","enabled_languages":["hr","gb"],"languages":{"hr":{"title":true,"content":true,"excerpt":false},"gb":{"title":false,"content":false,"excerpt":false}}},"_links":{"self":[{"href":"https:\/\/glazbena.hr\/gb\/wp-json\/wp\/v2\/posts\/18400","targetHints":{"allow":["GET"]}}],"collection":[{"href":"https:\/\/glazbena.hr\/gb\/wp-json\/wp\/v2\/posts"}],"about":[{"href":"https:\/\/glazbena.hr\/gb\/wp-json\/wp\/v2\/types\/post"}],"author":[{"embeddable":true,"href":"https:\/\/glazbena.hr\/gb\/wp-json\/wp\/v2\/users\/5"}],"replies":[{"embeddable":true,"href":"https:\/\/glazbena.hr\/gb\/wp-json\/wp\/v2\/comments?post=18400"}],"version-history":[{"count":3,"href":"https:\/\/glazbena.hr\/gb\/wp-json\/wp\/v2\/posts\/18400\/revisions"}],"predecessor-version":[{"id":18404,"href":"https:\/\/glazbena.hr\/gb\/wp-json\/wp\/v2\/posts\/18400\/revisions\/18404"}],"wp:attachment":[{"href":"https:\/\/glazbena.hr\/gb\/wp-json\/wp\/v2\/media?parent=18400"}],"wp:term":[{"taxonomy":"category","embeddable":true,"href":"https:\/\/glazbena.hr\/gb\/wp-json\/wp\/v2\/categories?post=18400"},{"taxonomy":"post_tag","embeddable":true,"href":"https:\/\/glazbena.hr\/gb\/wp-json\/wp\/v2\/tags?post=18400"}],"curies":[{"name":"wp","href":"https:\/\/api.w.org\/{rel}","templated":true}]}}