{"id":18629,"date":"2022-02-19T10:04:54","date_gmt":"2022-02-19T08:04:54","guid":{"rendered":"https:\/\/glazbena.hr\/?p=18629"},"modified":"2022-02-19T10:04:54","modified_gmt":"2022-02-19T08:04:54","slug":"novi-projekti-glazbene-skole-u-varazdinu-pripremni-posjet-den-haag","status":"publish","type":"post","link":"https:\/\/glazbena.hr\/gb\/events\/novi-projekti-glazbene-skole-u-varazdinu-pripremni-posjet-den-haag\/","title":{"rendered":"Novi projekti Glazbene \u0161kole u Vara\u017edinu &#8211; Pripremni posjet Den Haag"},"content":{"rendered":"<p>Za umjetni\u010dku \u0161kolu kao \u0161to je vara\u017edinska Glazbena \u0161kola suradnja na individualnoj razini pretpostavlja kontakte izme\u0111u rezidentnih nastavnika i njihovih kolega s razli\u010ditih obrazovnih institucija i sveu\u010dili\u0161ta u zemlji i inozemstvu, kao i slobodnih umjetnika. Kako je Erasmus+ projekt Glazbene \u0161kole u Vara\u017edinu &#8220;Talentom do izvrsnosti &#8211; postajanje glazbenikom&#8221; odobren od strane nacionalne agencije te \u0107e u\u010denici vi\u0161ih razreda srednje glazbene \u0161kole biti u mogu\u0107nosti upoznati i sudjelovati u radu &#8220;School for Young Talent&#8221; koja djeluje u sklopu institucije \u201eRoyal Conservatoire The Hague&#8221; &#8211; Koninklijk Conservatorium u Nizozemskoj, ravnatelj Davor Mata\u010di\u0107 ovih dana boravi u Den Haagu kako bi dogovorio posljednje detalje oko odlaska u\u010denika na mobilnost u o\u017eujku.<br \/>\nNajstariji nizozemski konzervatoriji Royal Conservatoire The Hague, od samog svog osnutka, 1826. godine te\u017ei ka povezivanju tradicije i inovativnosti u kulturi i obrazovanju, a tek nedavno preselio se u moderni umjetni\u010dki kompleks u centru Den Haaga \u201eAmare\u201c. Glazbeni je to institutu koji se desetlje\u0107ima zala\u017ee za najvi\u0161u kvalitetu u obrazovanju, na kojem su kao nastavnici zaposleni me\u0111unarodno poznati glazbenici, a gdje su tradicija i vje\u0161tina jednako va\u017eni kao i eksperiment i inovacija. School for Young Talent pri Kraljevskom konzervatoriju u Den Haagu jedna je od rijetkih glazbenih \u0161kola s obrazovnim programom sli\u010dnim Glazbenoj \u0161koli u Vara\u017edinu. Na sastanku sa ravnateljem \u0161kole Janom van Bilsenom ravnatelj vara\u017edinske Glazbene Davor Mata\u010di\u0107 razgovarao je o va\u017enost izgradnje suradnje s istaknutim pojedincima i institucijama te su dogovoreni novi detalji mobilnosti, ali i budu\u0107e suradnje ovih glazbenih \u0161kola.<br \/>\n\u201eVjerujemo da \u0107e u\u010denici Glazbene \u0161kole u Vara\u017edinu ovom mobilno\u0161\u0107u dobiti uvid u glazbeno obrazovanje neke druge zemlje, upoznati se s novom kulturom, tradicijom i jezikom, stvoriti nova prijateljstva, ali i ste\u0107i nove vje\u0161tine i kompetencije va\u017ene za njihov muzi\u010dki, ali i osobni razvoj\u201c, istaknuo je ravnatelj Glazbene \u0161kole u Vara\u017edinu.<br \/>\nRavnatelj se na radnom sastanku susreo i sa Tihom Dabac Golubi\u0107, prvom tajnicom Veleposlanstva Republike Hrvatske u Kraljevini Nizozemskoj gdje su razgovarali o uspostavljanju \u010dvr\u0161\u0107ih veza \u0160kole i Veleposlanstva, kao i mogu\u0107oj suradnji na projektima u skoroj budu\u0107nosti.<br \/>\nU svibnju ove godine odr\u017eat \u0107e se peto izdanje Me\u0111unarodnog natjecanja pijanista Memorijal Jurica Murai i Murai Grand Prix. Natjecanje je osnovano 2015. godine sa ciljem razvoja umjetni\u010dkog talenta u\u010denika, mladih profesionalnih glazbenika, promicanja me\u0111unarodne kulturne suradnje, kako bi potaknula zanimanje za klavir i glazbu op\u0107enito te pru\u017eila platformu za predstavljanje izvanrednih pijanista iz cijelog svijeta. S izrazito visokom kvalitetom organizacije, sve ve\u0107im brojem sudionika svake godine i me\u0111unarodnim izborom \u010dlanova \u017eirija, Natjecanje je postalo privla\u010dno za brojne natjecatelje \u0161irom svijeta, steklo je velik ugled i postalo \u010dlanom Alink-Argerich fondacije. Za vrijeme svog boravka u Den Haagu ravnatelj Mata\u010di\u0107 susreo se sa predsjednikom Alink-Argerich fondacije Gustavom Alinkom i njegovom suprugom Akemi Alink. Gustav Alink, jedan je od vode\u0107ih autoriteta u svijetu pijanisti\u010dkih natjecanja, a Alink Argerich fondacija neprofitna je organizacija koja pru\u017ea bitne informacije o me\u0111unarodnim pijanisti\u010dkim natjecanjima diljem svijeta, prati ve\u0107inu njih i pru\u017ea korisnu pomo\u0107 organizatorima natjecanja i nudi smjernice svim uklju\u010denim stranama.<\/p>\n<p><a href=\"https:\/\/glazbena.hr\/wp-content\/uploads\/2022\/02\/1645257202747.jpg\" target=\"_blank\" rel=\"noopener\"><img loading=\"lazy\" decoding=\"async\" class=\"alignnone wp-image-18630 size-medium\" src=\"https:\/\/glazbena.hr\/wp-content\/uploads\/2022\/02\/1645257202747-300x225.jpg\" alt=\"\" width=\"300\" height=\"225\" srcset=\"https:\/\/glazbena.hr\/wp-content\/uploads\/2022\/02\/1645257202747-300x225.jpg 300w, https:\/\/glazbena.hr\/wp-content\/uploads\/2022\/02\/1645257202747-768x576.jpg 768w, https:\/\/glazbena.hr\/wp-content\/uploads\/2022\/02\/1645257202747.jpg 1024w\" sizes=\"auto, (max-width: 300px) 100vw, 300px\" \/><\/a> <a href=\"https:\/\/glazbena.hr\/wp-content\/uploads\/2022\/02\/1645257202713.jpg\" target=\"_blank\" rel=\"noopener\"><img loading=\"lazy\" decoding=\"async\" class=\"alignnone wp-image-18631 size-medium\" src=\"https:\/\/glazbena.hr\/wp-content\/uploads\/2022\/02\/1645257202713-300x225.jpg\" alt=\"\" width=\"300\" height=\"225\" srcset=\"https:\/\/glazbena.hr\/wp-content\/uploads\/2022\/02\/1645257202713-300x225.jpg 300w, https:\/\/glazbena.hr\/wp-content\/uploads\/2022\/02\/1645257202713-768x576.jpg 768w, https:\/\/glazbena.hr\/wp-content\/uploads\/2022\/02\/1645257202713.jpg 1024w\" sizes=\"auto, (max-width: 300px) 100vw, 300px\" \/><\/a><\/p>\n<p><a href=\"https:\/\/glazbena.hr\/wp-content\/uploads\/2022\/02\/1645257202754.jpg\" target=\"_blank\" rel=\"noopener\"><img loading=\"lazy\" decoding=\"async\" class=\"alignnone wp-image-18632 size-medium\" src=\"https:\/\/glazbena.hr\/wp-content\/uploads\/2022\/02\/1645257202754-225x300.jpg\" alt=\"\" width=\"225\" height=\"300\" srcset=\"https:\/\/glazbena.hr\/wp-content\/uploads\/2022\/02\/1645257202754-225x300.jpg 225w, https:\/\/glazbena.hr\/wp-content\/uploads\/2022\/02\/1645257202754.jpg 768w\" sizes=\"auto, (max-width: 225px) 100vw, 225px\" \/><\/a> <a href=\"https:\/\/glazbena.hr\/wp-content\/uploads\/2022\/02\/IMG_2793-scaled.jpg\" target=\"_blank\" rel=\"noopener\"><img loading=\"lazy\" decoding=\"async\" class=\"alignnone wp-image-18633 size-medium\" src=\"https:\/\/glazbena.hr\/wp-content\/uploads\/2022\/02\/IMG_2793-225x300.jpg\" alt=\"\" width=\"225\" height=\"300\" srcset=\"https:\/\/glazbena.hr\/wp-content\/uploads\/2022\/02\/IMG_2793-225x300.jpg 225w, https:\/\/glazbena.hr\/wp-content\/uploads\/2022\/02\/IMG_2793-768x1024.jpg 768w, https:\/\/glazbena.hr\/wp-content\/uploads\/2022\/02\/IMG_2793-1152x1536.jpg 1152w, https:\/\/glazbena.hr\/wp-content\/uploads\/2022\/02\/IMG_2793-1536x2048.jpg 1536w, https:\/\/glazbena.hr\/wp-content\/uploads\/2022\/02\/IMG_2793-scaled.jpg 1920w\" sizes=\"auto, (max-width: 225px) 100vw, 225px\" \/><\/a><\/p>\n<p><a href=\"https:\/\/glazbena.hr\/wp-content\/uploads\/2022\/02\/1645257202725.jpg\" target=\"_blank\" rel=\"noopener\"><img loading=\"lazy\" decoding=\"async\" class=\"alignnone wp-image-18634 size-medium\" src=\"https:\/\/glazbena.hr\/wp-content\/uploads\/2022\/02\/1645257202725-300x225.jpg\" alt=\"\" width=\"300\" height=\"225\" srcset=\"https:\/\/glazbena.hr\/wp-content\/uploads\/2022\/02\/1645257202725-300x225.jpg 300w, https:\/\/glazbena.hr\/wp-content\/uploads\/2022\/02\/1645257202725-768x576.jpg 768w, https:\/\/glazbena.hr\/wp-content\/uploads\/2022\/02\/1645257202725.jpg 1024w\" sizes=\"auto, (max-width: 300px) 100vw, 300px\" \/><\/a> <a href=\"https:\/\/glazbena.hr\/wp-content\/uploads\/2022\/02\/1645257202732.jpg\" target=\"_blank\" rel=\"noopener\"><img loading=\"lazy\" decoding=\"async\" class=\"alignnone wp-image-18635 size-medium\" src=\"https:\/\/glazbena.hr\/wp-content\/uploads\/2022\/02\/1645257202732-300x225.jpg\" alt=\"\" width=\"300\" height=\"225\" srcset=\"https:\/\/glazbena.hr\/wp-content\/uploads\/2022\/02\/1645257202732-300x225.jpg 300w, https:\/\/glazbena.hr\/wp-content\/uploads\/2022\/02\/1645257202732-768x576.jpg 768w, https:\/\/glazbena.hr\/wp-content\/uploads\/2022\/02\/1645257202732.jpg 1024w\" sizes=\"auto, (max-width: 300px) 100vw, 300px\" \/><\/a><\/p>\n","protected":false},"excerpt":{"rendered":"<p>Za umjetni\u010dku \u0161kolu kao \u0161to je vara\u017edinska Glazbena \u0161kola suradnja na individualnoj razini pretpostavlja kontakte izme\u0111u rezidentnih nastavnika i njihovih kolega s razli\u010ditih obrazovnih institucija i sveu\u010dili\u0161ta u zemlji i inozemstvu, kao i slobodnih umjetnika. Kako je Erasmus+ projekt Glazbene \u0161kole u Vara\u017edinu &#8220;Talentom do izvrsnosti &#8211; postajanje glazbenikom&#8221; odobren od strane nacionalne agencije te [&hellip;]<\/p>\n","protected":false},"author":5,"featured_media":0,"comment_status":"closed","ping_status":"closed","sticky":false,"template":"","format":"standard","meta":{"footnotes":""},"categories":[70,64,83],"tags":[],"class_list":["post-18629","post","type-post","status-publish","format-standard","hentry","category-aktivnosti","category-najava-dogadanja","category-erasmus-plus"],"translation":{"provider":"WPGlobus","version":"3.0.0","language":"gb","enabled_languages":["hr","gb"],"languages":{"hr":{"title":true,"content":true,"excerpt":false},"gb":{"title":false,"content":false,"excerpt":false}}},"_links":{"self":[{"href":"https:\/\/glazbena.hr\/gb\/wp-json\/wp\/v2\/posts\/18629","targetHints":{"allow":["GET"]}}],"collection":[{"href":"https:\/\/glazbena.hr\/gb\/wp-json\/wp\/v2\/posts"}],"about":[{"href":"https:\/\/glazbena.hr\/gb\/wp-json\/wp\/v2\/types\/post"}],"author":[{"embeddable":true,"href":"https:\/\/glazbena.hr\/gb\/wp-json\/wp\/v2\/users\/5"}],"replies":[{"embeddable":true,"href":"https:\/\/glazbena.hr\/gb\/wp-json\/wp\/v2\/comments?post=18629"}],"version-history":[{"count":2,"href":"https:\/\/glazbena.hr\/gb\/wp-json\/wp\/v2\/posts\/18629\/revisions"}],"predecessor-version":[{"id":18637,"href":"https:\/\/glazbena.hr\/gb\/wp-json\/wp\/v2\/posts\/18629\/revisions\/18637"}],"wp:attachment":[{"href":"https:\/\/glazbena.hr\/gb\/wp-json\/wp\/v2\/media?parent=18629"}],"wp:term":[{"taxonomy":"category","embeddable":true,"href":"https:\/\/glazbena.hr\/gb\/wp-json\/wp\/v2\/categories?post=18629"},{"taxonomy":"post_tag","embeddable":true,"href":"https:\/\/glazbena.hr\/gb\/wp-json\/wp\/v2\/tags?post=18629"}],"curies":[{"name":"wp","href":"https:\/\/api.w.org\/{rel}","templated":true}]}}