{"id":18872,"date":"2022-03-21T12:05:52","date_gmt":"2022-03-21T10:05:52","guid":{"rendered":"https:\/\/glazbena.hr\/?p=18872"},"modified":"2022-03-21T12:05:52","modified_gmt":"2022-03-21T10:05:52","slug":"maja-talajic","status":"publish","type":"post","link":"https:\/\/glazbena.hr\/gb\/accordion-fest\/maja-talajic\/","title":{"rendered":"Maja Talaji\u0107"},"content":{"rendered":"<p><a href=\"https:\/\/glazbena.hr\/wp-content\/uploads\/2022\/03\/Maja-Talajic-slika-scaled.jpg\"><img loading=\"lazy\" decoding=\"async\" class=\"alignnone size-medium wp-image-18873\" src=\"https:\/\/glazbena.hr\/wp-content\/uploads\/2022\/03\/Maja-Talajic-slika-167x300.jpg\" alt=\"\" width=\"167\" height=\"300\" srcset=\"https:\/\/glazbena.hr\/wp-content\/uploads\/2022\/03\/Maja-Talajic-slika-167x300.jpg 167w, https:\/\/glazbena.hr\/wp-content\/uploads\/2022\/03\/Maja-Talajic-slika-571x1024.jpg 571w, https:\/\/glazbena.hr\/wp-content\/uploads\/2022\/03\/Maja-Talajic-slika-768x1376.jpg 768w, https:\/\/glazbena.hr\/wp-content\/uploads\/2022\/03\/Maja-Talajic-slika-857x1536.jpg 857w, https:\/\/glazbena.hr\/wp-content\/uploads\/2022\/03\/Maja-Talajic-slika-1143x2048.jpg 1143w, https:\/\/glazbena.hr\/wp-content\/uploads\/2022\/03\/Maja-Talajic-slika-scaled.jpg 1428w\" sizes=\"auto, (max-width: 167px) 100vw, 167px\" \/><\/a><\/p>\n<p>Ro\u0111ena 1974. godine u Frankfurtu\/ Main u Njema\u010dkoj. Osnovno glazbeno obrazovanje stje\u010de u Zagrebu, glazbenoj \u0161koli Zlatka Balokovi\u0107a, a srednjo\u0161kolsko obrazovanje u glazbenoj \u0161koli Blagoje Bersa. S 18 godina odlazi na studij u Njema\u010dku na Hohner \u2013Konservatoruim u Trossingen. U klasi prof. S. Wenke sa odli\u010dnim uspjehom zavr\u0161ava studij i sti\u010de diplomu akademskog muzi\u010dara-profesora harmonike. Tijekom osnovnog i srednjo\u0161kolskog obrazovanja aktivno sudjeluje na brojnim seminarima, natjecanjima i komornim nastupima. Ve\u0107 za vrijeme studija po\u010dela se baviti metodikom i pedago\u0161kim radom, aktivno se promovira kao solist i u komornim sastavima, nastupa za ZDF televizijski program uz revijski orkestar njema\u010dke televizije, performer je CD izdanja \u201eAkkordeon Tradicional\u201c \u2013 Jespar Dyremose 1996. Nakon studija zasniva radni odnos u glazbenoj \u0161koli Zlatka Balokovi\u0107a u Zagrebu. Uz pedago\u0161ki rad potrebu za glazbenim izri\u010dajem ostvaruje kroz sastave; \u201eHeco Nostalgico\u201c,\u201eTango Appassionato\u201c, \u201eA.B. Fatais\u201c te Accoquartet. Njezina koncertna djelatnost nastavlja se kroz solisti\u010dke i duo nastupe u Hrvatskom Glazbenom Zavodu, Narodno sveu\u010dili\u0161te- Samobor, Villa Frappart- Opatija, Crkva Sv. Martina- Martin\u0161\u0107ica u suradnji sa mezzosopranisticom Kristinom Beck-Kukav\u010di\u0107, 3. Me\u0111unarodni festival tradicionalnog jazza- Vara\u017edin, Mlade nade jazza-HGZ-Zagreb, Hrvatska radio televizija uz revijski orkestar, sudjelovanje na koncertu profesora glazbene \u0161kole \u201eZ. Balokovi\u0107\u201c, koncertima profesora glazbene \u0161kole \u201eFerdo Livadi\u0107\u201c- Samobor, sudjelovanje na 25. obljetnici rada Akademskog harmonika\u0161kog orkestra- KD \u201eVatroslav Lisinski\u201c. Kao vanjski suradnik nastupa sa simfonijskim orkestrom Hrvatske radio televizije, komornim sastavom Zagreba\u010dke filharmonije te kao izvo\u0111a\u010d scenske glazbe Hrvatskog narodnog kazali\u0161ta u Zagrebu i u Ljubljani. U svom dugogodi\u0161njem pedago\u0161kom radu sudjeluje na stru\u010dnim seminarima i usavr\u0161avanjima za nastavnike harmonike. Uz individualnu nastavu vodila je i harmonika\u0161ki orkestar \u0161kole te komornu glazbu. Njeni u\u010denici bilje\u017ee uspje\u0161ne rezultate na \u017eupanijskim, dr\u017eavnim i me\u0111unarodni natjecanjima HDGPP-a u Zagrebu, Me\u0111unarodni susreti harmonika\u0161a u Puli, Hrvatsko natjecanje za harmoniku-Daruvar, Accordionfest &#8211; Vara\u017edin. Od 2009. godine pro\u010delnik je harmonika\u0161kog odjela, mentor je mladim pedagozima do polaganja stru\u010dnog ispita, a 2015. godine promovirana je u zvanje- profesor mentor.<\/p>\n","protected":false},"excerpt":{"rendered":"<p>Ro\u0111ena 1974. godine u Frankfurtu\/ Main u Njema\u010dkoj. Osnovno glazbeno obrazovanje stje\u010de u Zagrebu, glazbenoj \u0161koli Zlatka Balokovi\u0107a, a srednjo\u0161kolsko obrazovanje u glazbenoj \u0161koli Blagoje Bersa. S 18 godina odlazi na studij u Njema\u010dku na Hohner \u2013Konservatoruim u Trossingen. U klasi prof. S. Wenke sa odli\u010dnim uspjehom zavr\u0161ava studij i sti\u010de diplomu akademskog muzi\u010dara-profesora harmonike. [&hellip;]<\/p>\n","protected":false},"author":5,"featured_media":0,"comment_status":"closed","ping_status":"closed","sticky":false,"template":"","format":"standard","meta":{"footnotes":""},"categories":[85],"tags":[],"class_list":["post-18872","post","type-post","status-publish","format-standard","hentry","category-accordion-fest"],"translation":{"provider":"WPGlobus","version":"3.0.0","language":"gb","enabled_languages":["hr","gb"],"languages":{"hr":{"title":true,"content":true,"excerpt":false},"gb":{"title":false,"content":false,"excerpt":false}}},"_links":{"self":[{"href":"https:\/\/glazbena.hr\/gb\/wp-json\/wp\/v2\/posts\/18872","targetHints":{"allow":["GET"]}}],"collection":[{"href":"https:\/\/glazbena.hr\/gb\/wp-json\/wp\/v2\/posts"}],"about":[{"href":"https:\/\/glazbena.hr\/gb\/wp-json\/wp\/v2\/types\/post"}],"author":[{"embeddable":true,"href":"https:\/\/glazbena.hr\/gb\/wp-json\/wp\/v2\/users\/5"}],"replies":[{"embeddable":true,"href":"https:\/\/glazbena.hr\/gb\/wp-json\/wp\/v2\/comments?post=18872"}],"version-history":[{"count":2,"href":"https:\/\/glazbena.hr\/gb\/wp-json\/wp\/v2\/posts\/18872\/revisions"}],"predecessor-version":[{"id":18875,"href":"https:\/\/glazbena.hr\/gb\/wp-json\/wp\/v2\/posts\/18872\/revisions\/18875"}],"wp:attachment":[{"href":"https:\/\/glazbena.hr\/gb\/wp-json\/wp\/v2\/media?parent=18872"}],"wp:term":[{"taxonomy":"category","embeddable":true,"href":"https:\/\/glazbena.hr\/gb\/wp-json\/wp\/v2\/categories?post=18872"},{"taxonomy":"post_tag","embeddable":true,"href":"https:\/\/glazbena.hr\/gb\/wp-json\/wp\/v2\/tags?post=18872"}],"curies":[{"name":"wp","href":"https:\/\/api.w.org\/{rel}","templated":true}]}}