{"id":18876,"date":"2022-03-21T12:06:38","date_gmt":"2022-03-21T10:06:38","guid":{"rendered":"https:\/\/glazbena.hr\/?p=18876"},"modified":"2022-03-21T12:06:38","modified_gmt":"2022-03-21T10:06:38","slug":"sasa-bastalec","status":"publish","type":"post","link":"https:\/\/glazbena.hr\/gb\/accordion-fest\/sasa-bastalec\/","title":{"rendered":"Sa\u0161a Bastalec"},"content":{"rendered":"<p><a href=\"https:\/\/glazbena.hr\/wp-content\/uploads\/2022\/03\/Fotografija_Sasa-Bastalec.jpg\"><img loading=\"lazy\" decoding=\"async\" class=\"alignnone size-medium wp-image-18877\" src=\"https:\/\/glazbena.hr\/wp-content\/uploads\/2022\/03\/Fotografija_Sasa-Bastalec-207x300.jpg\" alt=\"\" width=\"207\" height=\"300\" srcset=\"https:\/\/glazbena.hr\/wp-content\/uploads\/2022\/03\/Fotografija_Sasa-Bastalec-207x300.jpg 207w, https:\/\/glazbena.hr\/wp-content\/uploads\/2022\/03\/Fotografija_Sasa-Bastalec.jpg 707w\" sizes=\"auto, (max-width: 207px) 100vw, 207px\" \/><\/a><\/p>\n<p>Sa\u0161a Bastalec (Zagreb, Hrvatska, 1980.), profesor harmonike i glazbene kulture, trenutno je zaposlen na radnom mjestu nastavnika harmonike na glazbenoj \u0161koli Elly Ba\u0161i\u0107 u Zagrebu. Osnovno\u0161kolsko glazbeno obrazovanje stekao je na Glazbenoj \u0161koli Pavla Markovca, harmonika u klasi prof. Josipa Matanovi\u0107a, a srednjo\u0161kolsko, teoretskog te instrumentalnog smjera, harmonika u klasi prof. Marjana Krajne, na glazbenoj \u0161koli Funkcionalne muzi\u010dke pedagogije u Zagrebu. Studij harmonike i studij glazbene kulture zavr\u0161io je na Filozofskom fakultetu u Puli Sveu\u010dili\u0161ta u Rijeci i Odjelu za glazbu Sveu\u010dili\u0161ta Jurja Dobrile u Puli. Tijekom \u0161kolovanja polazio je me\u0111unarodne ljetne \u0161kole harmonike, dirigiranja i kompozicije kod eminentnih pedagoga: Aleksandar Skljarov (Rusija), Owen Murray (Velika Britanija), Peter Soave (SAD), Elsbeth Moser (Njema\u010dka), Paolo Picchio (Italija), Slavko Magdi\u0107 (Slovenija), Sanja Drakuli\u0107 i Denis Modru\u0161an (Hrvatska). Kao solist te \u010dlan komornih sastava i orkestara nastupao je u Hrvatskoj i u inozemstvu (Italija, Slovenija, Austrija, Njema\u010dka, \u010ce\u0161ka, Nizozemska, Belgija, Francuska).<br \/>\nRad u struci zapo\u010dinje na Glazbenoj \u0161koli Po\u017eega, a zatim radi dugi niz godina na Glazbenoj \u0161koli u Vara\u017edinu. Kao vanjski suradnik radio je na Umjetni\u010dkoj \u0161koli Franje Lu\u010di\u0107a u Velikoj Gorici, Glazbenoj \u0161koli Alberta \u0160trige Kri\u017eevci, Umjetni\u010dkoj \u0161koli Miroslav Magdaleni\u0107 \u010cakovec te Glazbenoj \u0161koli Murska Sobota u Sloveniji. U dosada\u0161njem pedago\u0161kom radu ostvario je zapa\u017eene rezultate s u\u010denicima na \u017eupanijskim, dr\u017eavnim i me\u0111unarodnim natjecanjima.<br \/>\nUz pedago\u0161ki rad, bavi se skladanjem i prire\u0111ivanjem za razne komorne ansamble i orkestre. Pisao je za Osorske glazbene ve\u010deri, Pekin\u0161ki komorni orkestar, Radioteleviziju Slovenije i dr. Suosniva\u010d je udruge Harmonika\u0161ki Centar \u010dija je primarna djelatnost promicanje harmonike. Udruga organizira seminare, Hrvatsko natjecanje za harmoniku u Daruvaru, ure\u0111uje digitalni \u010dasopis za harmoniku Eho. \u010clan je ocjenjiva\u010dkih komisija na doma\u0107im i me\u0111unarodnim natjecanjima. Voditelj je radionice harmonike na Me\u0111unarodnom ljetnom glazbenom kampu u Maru\u0161evcu, Hrvatska.<\/p>\n","protected":false},"excerpt":{"rendered":"<p>Sa\u0161a Bastalec (Zagreb, Hrvatska, 1980.), profesor harmonike i glazbene kulture, trenutno je zaposlen na radnom mjestu nastavnika harmonike na glazbenoj \u0161koli Elly Ba\u0161i\u0107 u Zagrebu. Osnovno\u0161kolsko glazbeno obrazovanje stekao je na Glazbenoj \u0161koli Pavla Markovca, harmonika u klasi prof. Josipa Matanovi\u0107a, a srednjo\u0161kolsko, teoretskog te instrumentalnog smjera, harmonika u klasi prof. Marjana Krajne, na glazbenoj [&hellip;]<\/p>\n","protected":false},"author":5,"featured_media":0,"comment_status":"closed","ping_status":"closed","sticky":false,"template":"","format":"standard","meta":{"footnotes":""},"categories":[85],"tags":[],"class_list":["post-18876","post","type-post","status-publish","format-standard","hentry","category-accordion-fest"],"translation":{"provider":"WPGlobus","version":"3.0.0","language":"gb","enabled_languages":["hr","gb"],"languages":{"hr":{"title":true,"content":true,"excerpt":false},"gb":{"title":false,"content":false,"excerpt":false}}},"_links":{"self":[{"href":"https:\/\/glazbena.hr\/gb\/wp-json\/wp\/v2\/posts\/18876","targetHints":{"allow":["GET"]}}],"collection":[{"href":"https:\/\/glazbena.hr\/gb\/wp-json\/wp\/v2\/posts"}],"about":[{"href":"https:\/\/glazbena.hr\/gb\/wp-json\/wp\/v2\/types\/post"}],"author":[{"embeddable":true,"href":"https:\/\/glazbena.hr\/gb\/wp-json\/wp\/v2\/users\/5"}],"replies":[{"embeddable":true,"href":"https:\/\/glazbena.hr\/gb\/wp-json\/wp\/v2\/comments?post=18876"}],"version-history":[{"count":2,"href":"https:\/\/glazbena.hr\/gb\/wp-json\/wp\/v2\/posts\/18876\/revisions"}],"predecessor-version":[{"id":18879,"href":"https:\/\/glazbena.hr\/gb\/wp-json\/wp\/v2\/posts\/18876\/revisions\/18879"}],"wp:attachment":[{"href":"https:\/\/glazbena.hr\/gb\/wp-json\/wp\/v2\/media?parent=18876"}],"wp:term":[{"taxonomy":"category","embeddable":true,"href":"https:\/\/glazbena.hr\/gb\/wp-json\/wp\/v2\/categories?post=18876"},{"taxonomy":"post_tag","embeddable":true,"href":"https:\/\/glazbena.hr\/gb\/wp-json\/wp\/v2\/tags?post=18876"}],"curies":[{"name":"wp","href":"https:\/\/api.w.org\/{rel}","templated":true}]}}