{"id":18896,"date":"2022-03-24T09:00:57","date_gmt":"2022-03-24T07:00:57","guid":{"rendered":"https:\/\/glazbena.hr\/?p=18896"},"modified":"2022-04-03T12:23:39","modified_gmt":"2022-04-03T10:23:39","slug":"koncert-ucenika-glazbene-skole-u-varazdinu-u-den-haagu","status":"publish","type":"post","link":"https:\/\/glazbena.hr\/gb\/erasmus-plus\/koncert-ucenika-glazbene-skole-u-varazdinu-u-den-haagu\/","title":{"rendered":"Koncert u\u010denika Glazbene \u0161kole u Vara\u017edinu u Den Haagu"},"content":{"rendered":"<p>U organizaciji Veleposlanstva Republike Hrvatske u Kraljevini Nizozemskoj u\u010denici Glazbene \u0161kole u Vara\u017edinu i u\u010denici School for Young Talent &#8221; koja djeluje u sklopu institucije \u201eRoyal Conservatoire The Hague&#8221; &#8211; Koninklijk Conservatorium u Nizozemskoj odr\u017eali su koncert u kulturnom sredi\u0161tu Haaga, koncertnoj dvorani In Het Koorenhuis. Na koncertu su bili prisutni predstavnici visokog diplomatskog zbora iz Ukrajine, Gr\u010dke, Gruzije, Belgije, Ujedinjenog Kraljevstva, \u0160vedske, Rumunjske i Kosova, kao i gradona\u010delnik grada Vara\u017edina Neven Bosilj.<br \/>\n15 u\u010denika vi\u0161ih razreda srednje glazbene \u0161kole u Vara\u017edinu u pratnji 2 nastavnika boravi u Den Haagu. U\u010denici su tokom svog boravka u Nizozemskoj bili u mogu\u0107nosti upoznati i sudjelovati u radu School for Young Talent te su tako stekli priliku upoznati se i sa nizozemskim obrazovnim sustavom. Vrlo je va\u017eno poticati ove na\u010dine komunikacije jer mogu br\u017ee dovesti do zajedni\u010dkog cilja &#8211; ve\u0107e \u0161anse i mogu\u0107nosti za u\u010denike. Tako se kao prioritet redovito postavlja o\u010duvanje visokih standarda u redovnom obrazovanju i oboga\u0107ivanje cjelokupnog obrazovnog procesa razli\u010ditim oblicima suradnje.<br \/>\nNa radnom sastanku ravnatelj Glazbene \u0161kole u Vara\u017edinu Davor Mata\u010di\u0107 i gradona\u010delnik grada Vara\u017edina Neven Bosilj susreli su se sa veleposlanicom Republike Hrvatske u Kraljevini Nizozemskoj Dubravkom Pleji\u0107 Markovi\u0107 i sa Tihom Dabac Golubi\u0107, prvom tajnicom Veleposlanstva Republike Hrvatske u Kraljevini Nizozemskoj gdje su razgovarali o uspostavljanju \u010dvr\u0161\u0107ih veza \u0160kole i Veleposlanstva, kao i mogu\u0107oj suradnji na projektima u skoroj budu\u0107nosti.<\/p>\n<p><a href=\"https:\/\/glazbena.hr\/wp-content\/uploads\/2022\/03\/Den_Haag_dan_1-2.jpg\" target=\"_blank\" rel=\"noopener\"><img loading=\"lazy\" decoding=\"async\" class=\"alignnone wp-image-18897 size-medium\" src=\"https:\/\/glazbena.hr\/wp-content\/uploads\/2022\/03\/Den_Haag_dan_1-2-300x187.jpg\" alt=\"\" width=\"300\" height=\"187\" srcset=\"https:\/\/glazbena.hr\/wp-content\/uploads\/2022\/03\/Den_Haag_dan_1-2-300x187.jpg 300w, https:\/\/glazbena.hr\/wp-content\/uploads\/2022\/03\/Den_Haag_dan_1-2-1024x637.jpg 1024w, https:\/\/glazbena.hr\/wp-content\/uploads\/2022\/03\/Den_Haag_dan_1-2-768x478.jpg 768w, https:\/\/glazbena.hr\/wp-content\/uploads\/2022\/03\/Den_Haag_dan_1-2-1536x956.jpg 1536w, https:\/\/glazbena.hr\/wp-content\/uploads\/2022\/03\/Den_Haag_dan_1-2.jpg 1600w\" sizes=\"auto, (max-width: 300px) 100vw, 300px\" \/><\/a> <a href=\"https:\/\/glazbena.hr\/wp-content\/uploads\/2022\/03\/Den_Haag_dan_1-4.jpg\" target=\"_blank\" rel=\"noopener\"><img loading=\"lazy\" decoding=\"async\" class=\"alignnone wp-image-18898 size-medium\" src=\"https:\/\/glazbena.hr\/wp-content\/uploads\/2022\/03\/Den_Haag_dan_1-4-300x188.jpg\" alt=\"\" width=\"300\" height=\"188\" srcset=\"https:\/\/glazbena.hr\/wp-content\/uploads\/2022\/03\/Den_Haag_dan_1-4-300x188.jpg 300w, https:\/\/glazbena.hr\/wp-content\/uploads\/2022\/03\/Den_Haag_dan_1-4-1024x641.jpg 1024w, https:\/\/glazbena.hr\/wp-content\/uploads\/2022\/03\/Den_Haag_dan_1-4-768x480.jpg 768w, https:\/\/glazbena.hr\/wp-content\/uploads\/2022\/03\/Den_Haag_dan_1-4-1536x961.jpg 1536w, https:\/\/glazbena.hr\/wp-content\/uploads\/2022\/03\/Den_Haag_dan_1-4.jpg 1600w\" sizes=\"auto, (max-width: 300px) 100vw, 300px\" \/><\/a> <a href=\"https:\/\/glazbena.hr\/wp-content\/uploads\/2022\/03\/Den_Haag_dan_1-8.jpg\" target=\"_blank\" rel=\"noopener\"><img loading=\"lazy\" decoding=\"async\" class=\"alignnone wp-image-18899 size-medium\" src=\"https:\/\/glazbena.hr\/wp-content\/uploads\/2022\/03\/Den_Haag_dan_1-8-300x196.jpg\" alt=\"\" width=\"300\" height=\"196\" srcset=\"https:\/\/glazbena.hr\/wp-content\/uploads\/2022\/03\/Den_Haag_dan_1-8-300x196.jpg 300w, https:\/\/glazbena.hr\/wp-content\/uploads\/2022\/03\/Den_Haag_dan_1-8-1024x669.jpg 1024w, https:\/\/glazbena.hr\/wp-content\/uploads\/2022\/03\/Den_Haag_dan_1-8-768x502.jpg 768w, https:\/\/glazbena.hr\/wp-content\/uploads\/2022\/03\/Den_Haag_dan_1-8-1536x1003.jpg 1536w, https:\/\/glazbena.hr\/wp-content\/uploads\/2022\/03\/Den_Haag_dan_1-8.jpg 1600w\" sizes=\"auto, (max-width: 300px) 100vw, 300px\" \/><\/a><\/p>\n<p><a href=\"https:\/\/glazbena.hr\/wp-content\/uploads\/2022\/03\/Den_Haag_dan_1-13.jpg\" target=\"_blank\" rel=\"noopener\"><img loading=\"lazy\" decoding=\"async\" class=\"alignnone wp-image-18900 size-medium\" src=\"https:\/\/glazbena.hr\/wp-content\/uploads\/2022\/03\/Den_Haag_dan_1-13-300x182.jpg\" alt=\"\" width=\"300\" height=\"182\" srcset=\"https:\/\/glazbena.hr\/wp-content\/uploads\/2022\/03\/Den_Haag_dan_1-13-300x182.jpg 300w, https:\/\/glazbena.hr\/wp-content\/uploads\/2022\/03\/Den_Haag_dan_1-13-1024x620.jpg 1024w, https:\/\/glazbena.hr\/wp-content\/uploads\/2022\/03\/Den_Haag_dan_1-13-768x465.jpg 768w, https:\/\/glazbena.hr\/wp-content\/uploads\/2022\/03\/Den_Haag_dan_1-13-1536x930.jpg 1536w, https:\/\/glazbena.hr\/wp-content\/uploads\/2022\/03\/Den_Haag_dan_1-13.jpg 1600w\" sizes=\"auto, (max-width: 300px) 100vw, 300px\" \/><\/a> \u00a0<a href=\"https:\/\/glazbena.hr\/wp-content\/uploads\/2022\/03\/Den_Haag_dan_1-23.jpg\" target=\"_blank\" rel=\"noopener\"><img loading=\"lazy\" decoding=\"async\" class=\"alignnone wp-image-18901 size-medium\" src=\"https:\/\/glazbena.hr\/wp-content\/uploads\/2022\/03\/Den_Haag_dan_1-23-300x188.jpg\" alt=\"\" width=\"300\" height=\"188\" srcset=\"https:\/\/glazbena.hr\/wp-content\/uploads\/2022\/03\/Den_Haag_dan_1-23-300x188.jpg 300w, https:\/\/glazbena.hr\/wp-content\/uploads\/2022\/03\/Den_Haag_dan_1-23-1024x643.jpg 1024w, https:\/\/glazbena.hr\/wp-content\/uploads\/2022\/03\/Den_Haag_dan_1-23-768x482.jpg 768w, https:\/\/glazbena.hr\/wp-content\/uploads\/2022\/03\/Den_Haag_dan_1-23-1536x965.jpg 1536w, https:\/\/glazbena.hr\/wp-content\/uploads\/2022\/03\/Den_Haag_dan_1-23.jpg 1600w\" sizes=\"auto, (max-width: 300px) 100vw, 300px\" \/><\/a> \u00a0<a href=\"https:\/\/glazbena.hr\/wp-content\/uploads\/2022\/03\/Den_Haag_dan_1-25.jpg\"><img loading=\"lazy\" decoding=\"async\" class=\"alignnone size-medium wp-image-18902\" src=\"https:\/\/glazbena.hr\/wp-content\/uploads\/2022\/03\/Den_Haag_dan_1-25-300x200.jpg\" alt=\"\" width=\"300\" height=\"200\" srcset=\"https:\/\/glazbena.hr\/wp-content\/uploads\/2022\/03\/Den_Haag_dan_1-25-300x200.jpg 300w, https:\/\/glazbena.hr\/wp-content\/uploads\/2022\/03\/Den_Haag_dan_1-25-1024x682.jpg 1024w, https:\/\/glazbena.hr\/wp-content\/uploads\/2022\/03\/Den_Haag_dan_1-25-768x511.jpg 768w, https:\/\/glazbena.hr\/wp-content\/uploads\/2022\/03\/Den_Haag_dan_1-25-1536x1022.jpg 1536w, https:\/\/glazbena.hr\/wp-content\/uploads\/2022\/03\/Den_Haag_dan_1-25.jpg 1600w\" sizes=\"auto, (max-width: 300px) 100vw, 300px\" \/><\/a><\/p>\n<p><a href=\"https:\/\/glazbena.hr\/wp-content\/uploads\/2022\/03\/Den_Haag_dan_1-26.jpg\" target=\"_blank\" rel=\"noopener\"><img loading=\"lazy\" decoding=\"async\" class=\"alignnone wp-image-18903 size-medium\" src=\"https:\/\/glazbena.hr\/wp-content\/uploads\/2022\/03\/Den_Haag_dan_1-26-300x215.jpg\" alt=\"\" width=\"300\" height=\"215\" srcset=\"https:\/\/glazbena.hr\/wp-content\/uploads\/2022\/03\/Den_Haag_dan_1-26-300x215.jpg 300w, https:\/\/glazbena.hr\/wp-content\/uploads\/2022\/03\/Den_Haag_dan_1-26-1024x735.jpg 1024w, https:\/\/glazbena.hr\/wp-content\/uploads\/2022\/03\/Den_Haag_dan_1-26-768x552.jpg 768w, https:\/\/glazbena.hr\/wp-content\/uploads\/2022\/03\/Den_Haag_dan_1-26-1536x1103.jpg 1536w, https:\/\/glazbena.hr\/wp-content\/uploads\/2022\/03\/Den_Haag_dan_1-26.jpg 1600w\" sizes=\"auto, (max-width: 300px) 100vw, 300px\" \/><\/a> <a href=\"https:\/\/glazbena.hr\/wp-content\/uploads\/2022\/03\/Den_Haag_dan_1-28.jpg\" target=\"_blank\" rel=\"noopener\"><img loading=\"lazy\" decoding=\"async\" class=\"alignnone wp-image-18904 size-medium\" src=\"https:\/\/glazbena.hr\/wp-content\/uploads\/2022\/03\/Den_Haag_dan_1-28-300x179.jpg\" alt=\"\" width=\"300\" height=\"179\" srcset=\"https:\/\/glazbena.hr\/wp-content\/uploads\/2022\/03\/Den_Haag_dan_1-28-300x179.jpg 300w, https:\/\/glazbena.hr\/wp-content\/uploads\/2022\/03\/Den_Haag_dan_1-28-1024x610.jpg 1024w, https:\/\/glazbena.hr\/wp-content\/uploads\/2022\/03\/Den_Haag_dan_1-28-768x457.jpg 768w, https:\/\/glazbena.hr\/wp-content\/uploads\/2022\/03\/Den_Haag_dan_1-28-1536x915.jpg 1536w, https:\/\/glazbena.hr\/wp-content\/uploads\/2022\/03\/Den_Haag_dan_1-28.jpg 1600w\" sizes=\"auto, (max-width: 300px) 100vw, 300px\" \/><\/a> <a href=\"https:\/\/glazbena.hr\/wp-content\/uploads\/2022\/03\/Den_Haag_dan_1-32.jpg\" target=\"_blank\" rel=\"noopener\"><img loading=\"lazy\" decoding=\"async\" class=\"alignnone wp-image-18905 size-medium\" src=\"https:\/\/glazbena.hr\/wp-content\/uploads\/2022\/03\/Den_Haag_dan_1-32-300x193.jpg\" alt=\"\" width=\"300\" height=\"193\" srcset=\"https:\/\/glazbena.hr\/wp-content\/uploads\/2022\/03\/Den_Haag_dan_1-32-300x193.jpg 300w, https:\/\/glazbena.hr\/wp-content\/uploads\/2022\/03\/Den_Haag_dan_1-32-1024x658.jpg 1024w, https:\/\/glazbena.hr\/wp-content\/uploads\/2022\/03\/Den_Haag_dan_1-32-768x493.jpg 768w, https:\/\/glazbena.hr\/wp-content\/uploads\/2022\/03\/Den_Haag_dan_1-32-1536x987.jpg 1536w, https:\/\/glazbena.hr\/wp-content\/uploads\/2022\/03\/Den_Haag_dan_1-32.jpg 1600w\" sizes=\"auto, (max-width: 300px) 100vw, 300px\" \/><\/a><\/p>\n<p><a href=\"https:\/\/glazbena.hr\/wp-content\/uploads\/2022\/03\/Den_Haag_dan_1-34.jpg\" target=\"_blank\" rel=\"noopener\"><img loading=\"lazy\" decoding=\"async\" class=\"alignnone wp-image-18906 size-medium\" src=\"https:\/\/glazbena.hr\/wp-content\/uploads\/2022\/03\/Den_Haag_dan_1-34-300x200.jpg\" alt=\"\" width=\"300\" height=\"200\" srcset=\"https:\/\/glazbena.hr\/wp-content\/uploads\/2022\/03\/Den_Haag_dan_1-34-300x200.jpg 300w, https:\/\/glazbena.hr\/wp-content\/uploads\/2022\/03\/Den_Haag_dan_1-34-1024x682.jpg 1024w, https:\/\/glazbena.hr\/wp-content\/uploads\/2022\/03\/Den_Haag_dan_1-34-768x511.jpg 768w, https:\/\/glazbena.hr\/wp-content\/uploads\/2022\/03\/Den_Haag_dan_1-34-1536x1022.jpg 1536w, https:\/\/glazbena.hr\/wp-content\/uploads\/2022\/03\/Den_Haag_dan_1-34.jpg 1600w\" sizes=\"auto, (max-width: 300px) 100vw, 300px\" \/><\/a> \u00a0<a href=\"https:\/\/glazbena.hr\/wp-content\/uploads\/2022\/03\/Den_Haag_dan_1-35.jpg\" target=\"_blank\" rel=\"noopener\"><img loading=\"lazy\" decoding=\"async\" class=\"alignnone wp-image-18907 size-medium\" src=\"https:\/\/glazbena.hr\/wp-content\/uploads\/2022\/03\/Den_Haag_dan_1-35-300x187.jpg\" alt=\"\" width=\"300\" height=\"187\" srcset=\"https:\/\/glazbena.hr\/wp-content\/uploads\/2022\/03\/Den_Haag_dan_1-35-300x187.jpg 300w, https:\/\/glazbena.hr\/wp-content\/uploads\/2022\/03\/Den_Haag_dan_1-35-1024x637.jpg 1024w, https:\/\/glazbena.hr\/wp-content\/uploads\/2022\/03\/Den_Haag_dan_1-35-768x478.jpg 768w, https:\/\/glazbena.hr\/wp-content\/uploads\/2022\/03\/Den_Haag_dan_1-35-1536x955.jpg 1536w, https:\/\/glazbena.hr\/wp-content\/uploads\/2022\/03\/Den_Haag_dan_1-35.jpg 1600w\" sizes=\"auto, (max-width: 300px) 100vw, 300px\" \/>\u00a0<\/a> <a href=\"https:\/\/glazbena.hr\/wp-content\/uploads\/2022\/03\/Den_Haag_dan_1-37.jpg\" target=\"_blank\" rel=\"noopener\"><img loading=\"lazy\" decoding=\"async\" class=\"alignnone wp-image-18908 size-medium\" src=\"https:\/\/glazbena.hr\/wp-content\/uploads\/2022\/03\/Den_Haag_dan_1-37-300x197.jpg\" alt=\"\" width=\"300\" height=\"197\" srcset=\"https:\/\/glazbena.hr\/wp-content\/uploads\/2022\/03\/Den_Haag_dan_1-37-300x197.jpg 300w, https:\/\/glazbena.hr\/wp-content\/uploads\/2022\/03\/Den_Haag_dan_1-37-1024x671.jpg 1024w, https:\/\/glazbena.hr\/wp-content\/uploads\/2022\/03\/Den_Haag_dan_1-37-768x504.jpg 768w, https:\/\/glazbena.hr\/wp-content\/uploads\/2022\/03\/Den_Haag_dan_1-37-1536x1007.jpg 1536w, https:\/\/glazbena.hr\/wp-content\/uploads\/2022\/03\/Den_Haag_dan_1-37.jpg 1600w\" sizes=\"auto, (max-width: 300px) 100vw, 300px\" \/><\/a><\/p>\n<p><a href=\"https:\/\/glazbena.hr\/wp-content\/uploads\/2022\/03\/Den_Haag_dan_1-38.jpg\" target=\"_blank\" rel=\"noopener\"><img loading=\"lazy\" decoding=\"async\" class=\"alignnone wp-image-18909 size-medium\" src=\"https:\/\/glazbena.hr\/wp-content\/uploads\/2022\/03\/Den_Haag_dan_1-38-300x185.jpg\" alt=\"\" width=\"300\" height=\"185\" srcset=\"https:\/\/glazbena.hr\/wp-content\/uploads\/2022\/03\/Den_Haag_dan_1-38-300x185.jpg 300w, https:\/\/glazbena.hr\/wp-content\/uploads\/2022\/03\/Den_Haag_dan_1-38-1024x631.jpg 1024w, https:\/\/glazbena.hr\/wp-content\/uploads\/2022\/03\/Den_Haag_dan_1-38-768x473.jpg 768w, https:\/\/glazbena.hr\/wp-content\/uploads\/2022\/03\/Den_Haag_dan_1-38-1536x947.jpg 1536w, https:\/\/glazbena.hr\/wp-content\/uploads\/2022\/03\/Den_Haag_dan_1-38.jpg 1600w\" sizes=\"auto, (max-width: 300px) 100vw, 300px\" \/>\u00a0<\/a> <a href=\"https:\/\/glazbena.hr\/wp-content\/uploads\/2022\/03\/Den_Haag_dan_1-39.jpg\" target=\"_blank\" rel=\"noopener\"><img loading=\"lazy\" decoding=\"async\" class=\"alignnone wp-image-18910 size-medium\" src=\"https:\/\/glazbena.hr\/wp-content\/uploads\/2022\/03\/Den_Haag_dan_1-39-300x200.jpg\" alt=\"\" width=\"300\" height=\"200\" srcset=\"https:\/\/glazbena.hr\/wp-content\/uploads\/2022\/03\/Den_Haag_dan_1-39-300x200.jpg 300w, https:\/\/glazbena.hr\/wp-content\/uploads\/2022\/03\/Den_Haag_dan_1-39-1024x684.jpg 1024w, https:\/\/glazbena.hr\/wp-content\/uploads\/2022\/03\/Den_Haag_dan_1-39-768x513.jpg 768w, https:\/\/glazbena.hr\/wp-content\/uploads\/2022\/03\/Den_Haag_dan_1-39-1536x1026.jpg 1536w, https:\/\/glazbena.hr\/wp-content\/uploads\/2022\/03\/Den_Haag_dan_1-39.jpg 1600w\" sizes=\"auto, (max-width: 300px) 100vw, 300px\" \/><\/a> \u00a0<a href=\"https:\/\/glazbena.hr\/wp-content\/uploads\/2022\/03\/Den_Haag_dan_1-40.jpg\" target=\"_blank\" rel=\"noopener\"><img loading=\"lazy\" decoding=\"async\" class=\"alignnone wp-image-18911 size-medium\" src=\"https:\/\/glazbena.hr\/wp-content\/uploads\/2022\/03\/Den_Haag_dan_1-40-300x205.jpg\" alt=\"\" width=\"300\" height=\"205\" srcset=\"https:\/\/glazbena.hr\/wp-content\/uploads\/2022\/03\/Den_Haag_dan_1-40-300x205.jpg 300w, https:\/\/glazbena.hr\/wp-content\/uploads\/2022\/03\/Den_Haag_dan_1-40-1024x699.jpg 1024w, https:\/\/glazbena.hr\/wp-content\/uploads\/2022\/03\/Den_Haag_dan_1-40-768x524.jpg 768w, https:\/\/glazbena.hr\/wp-content\/uploads\/2022\/03\/Den_Haag_dan_1-40-1536x1048.jpg 1536w, https:\/\/glazbena.hr\/wp-content\/uploads\/2022\/03\/Den_Haag_dan_1-40.jpg 1600w\" sizes=\"auto, (max-width: 300px) 100vw, 300px\" \/><\/a><\/p>\n<p><a href=\"https:\/\/glazbena.hr\/wp-content\/uploads\/2022\/03\/Den_Haag_dan_1-42.jpg\" target=\"_blank\" rel=\"noopener\"><img loading=\"lazy\" decoding=\"async\" class=\"alignnone wp-image-18912 size-medium\" src=\"https:\/\/glazbena.hr\/wp-content\/uploads\/2022\/03\/Den_Haag_dan_1-42-300x190.jpg\" alt=\"\" width=\"300\" height=\"190\" srcset=\"https:\/\/glazbena.hr\/wp-content\/uploads\/2022\/03\/Den_Haag_dan_1-42-300x190.jpg 300w, https:\/\/glazbena.hr\/wp-content\/uploads\/2022\/03\/Den_Haag_dan_1-42-1024x649.jpg 1024w, https:\/\/glazbena.hr\/wp-content\/uploads\/2022\/03\/Den_Haag_dan_1-42-768x487.jpg 768w, https:\/\/glazbena.hr\/wp-content\/uploads\/2022\/03\/Den_Haag_dan_1-42-1536x973.jpg 1536w, https:\/\/glazbena.hr\/wp-content\/uploads\/2022\/03\/Den_Haag_dan_1-42.jpg 1600w\" sizes=\"auto, (max-width: 300px) 100vw, 300px\" \/><\/a><\/p>\n","protected":false},"excerpt":{"rendered":"<p>U organizaciji Veleposlanstva Republike Hrvatske u Kraljevini Nizozemskoj u\u010denici Glazbene \u0161kole u Vara\u017edinu i u\u010denici School for Young Talent &#8221; koja djeluje u sklopu institucije \u201eRoyal Conservatoire The Hague&#8221; &#8211; Koninklijk Conservatorium u Nizozemskoj odr\u017eali su koncert u kulturnom sredi\u0161tu Haaga, koncertnoj dvorani In Het Koorenhuis. Na koncertu su bili prisutni predstavnici visokog diplomatskog zbora [&hellip;]<\/p>\n","protected":false},"author":5,"featured_media":0,"comment_status":"closed","ping_status":"closed","sticky":false,"template":"","format":"standard","meta":{"footnotes":""},"categories":[83],"tags":[],"class_list":["post-18896","post","type-post","status-publish","format-standard","hentry","category-erasmus-plus"],"translation":{"provider":"WPGlobus","version":"3.0.0","language":"gb","enabled_languages":["hr","gb"],"languages":{"hr":{"title":true,"content":true,"excerpt":false},"gb":{"title":false,"content":false,"excerpt":false}}},"_links":{"self":[{"href":"https:\/\/glazbena.hr\/gb\/wp-json\/wp\/v2\/posts\/18896","targetHints":{"allow":["GET"]}}],"collection":[{"href":"https:\/\/glazbena.hr\/gb\/wp-json\/wp\/v2\/posts"}],"about":[{"href":"https:\/\/glazbena.hr\/gb\/wp-json\/wp\/v2\/types\/post"}],"author":[{"embeddable":true,"href":"https:\/\/glazbena.hr\/gb\/wp-json\/wp\/v2\/users\/5"}],"replies":[{"embeddable":true,"href":"https:\/\/glazbena.hr\/gb\/wp-json\/wp\/v2\/comments?post=18896"}],"version-history":[{"count":3,"href":"https:\/\/glazbena.hr\/gb\/wp-json\/wp\/v2\/posts\/18896\/revisions"}],"predecessor-version":[{"id":19049,"href":"https:\/\/glazbena.hr\/gb\/wp-json\/wp\/v2\/posts\/18896\/revisions\/19049"}],"wp:attachment":[{"href":"https:\/\/glazbena.hr\/gb\/wp-json\/wp\/v2\/media?parent=18896"}],"wp:term":[{"taxonomy":"category","embeddable":true,"href":"https:\/\/glazbena.hr\/gb\/wp-json\/wp\/v2\/categories?post=18896"},{"taxonomy":"post_tag","embeddable":true,"href":"https:\/\/glazbena.hr\/gb\/wp-json\/wp\/v2\/tags?post=18896"}],"curies":[{"name":"wp","href":"https:\/\/api.w.org\/{rel}","templated":true}]}}