{"id":18997,"date":"2022-03-30T19:08:28","date_gmt":"2022-03-30T17:08:28","guid":{"rendered":"https:\/\/glazbena.hr\/?p=18997"},"modified":"2022-04-03T12:12:04","modified_gmt":"2022-04-03T10:12:04","slug":"prijem-u-veleposlanstvu-republike-hrvatske-u-kraljevini-nizozemskoj","status":"publish","type":"post","link":"https:\/\/glazbena.hr\/gb\/erasmus-plus\/prijem-u-veleposlanstvu-republike-hrvatske-u-kraljevini-nizozemskoj\/","title":{"rendered":"Prijem u Veleposlanstvu Republike Hrvatske u Kraljevini Nizozemskoj"},"content":{"rendered":"<p>U organizaciji Veleposlanstva Republike Hrvatske u Kraljevini Nizozemskoj u\u010denici Glazbene \u0161kole u Vara\u017edinu i u\u010denici School for Young Talent \u201d odr\u017eali su koncert u kulturnom sredi\u0161tu Haaga, koncertnoj dvorani In Het Koorenhuis na kojem su bili prisutni predstavnici visokog diplomatskog zbora. Nakon koncerta veleposlanica Dubravka Pleji\u0107 Markovi\u0107 ugostila je u\u010denike i nastavnike Glazbene \u0161kole u Vara\u017edinu, ravnatelje dviju glazbenih \u0161kole Davora Mata\u010di\u0107a i Jana van Bilsena, gradona\u010delnika grada Vara\u017edina Nevena Bosilja, predsjednika Alink-Argerich fondacije Gustava Alinka na sve\u010danom prijemu u ambasadi te im jo\u0161 jednom \u010destitala na iznimnom talentu i ostvarenim rezultatima.<\/p>\n<p>&nbsp;<\/p>\n<p><a href=\"https:\/\/glazbena.hr\/wp-content\/uploads\/2022\/03\/Erasmus_GSV_Nizozemska_2022-123.jpg\" target=\"_blank\" rel=\"noopener\"><img loading=\"lazy\" decoding=\"async\" class=\"alignnone wp-image-18998 size-medium\" src=\"https:\/\/glazbena.hr\/wp-content\/uploads\/2022\/03\/Erasmus_GSV_Nizozemska_2022-123-300x188.jpg\" alt=\"\" width=\"300\" height=\"188\" srcset=\"https:\/\/glazbena.hr\/wp-content\/uploads\/2022\/03\/Erasmus_GSV_Nizozemska_2022-123-300x188.jpg 300w, https:\/\/glazbena.hr\/wp-content\/uploads\/2022\/03\/Erasmus_GSV_Nizozemska_2022-123-1024x641.jpg 1024w, https:\/\/glazbena.hr\/wp-content\/uploads\/2022\/03\/Erasmus_GSV_Nizozemska_2022-123-768x480.jpg 768w, https:\/\/glazbena.hr\/wp-content\/uploads\/2022\/03\/Erasmus_GSV_Nizozemska_2022-123-1536x961.jpg 1536w, https:\/\/glazbena.hr\/wp-content\/uploads\/2022\/03\/Erasmus_GSV_Nizozemska_2022-123.jpg 1600w\" sizes=\"auto, (max-width: 300px) 100vw, 300px\" \/><\/a> <a href=\"https:\/\/glazbena.hr\/wp-content\/uploads\/2022\/03\/Erasmus_GSV_Nizozemska_2022-121.jpg\" target=\"_blank\" rel=\"noopener\"><img loading=\"lazy\" decoding=\"async\" class=\"alignnone wp-image-18999 size-medium\" src=\"https:\/\/glazbena.hr\/wp-content\/uploads\/2022\/03\/Erasmus_GSV_Nizozemska_2022-121-300x225.jpg\" alt=\"\" width=\"300\" height=\"225\" srcset=\"https:\/\/glazbena.hr\/wp-content\/uploads\/2022\/03\/Erasmus_GSV_Nizozemska_2022-121-300x225.jpg 300w, https:\/\/glazbena.hr\/wp-content\/uploads\/2022\/03\/Erasmus_GSV_Nizozemska_2022-121-1024x768.jpg 1024w, https:\/\/glazbena.hr\/wp-content\/uploads\/2022\/03\/Erasmus_GSV_Nizozemska_2022-121-768x576.jpg 768w, https:\/\/glazbena.hr\/wp-content\/uploads\/2022\/03\/Erasmus_GSV_Nizozemska_2022-121-1536x1152.jpg 1536w, https:\/\/glazbena.hr\/wp-content\/uploads\/2022\/03\/Erasmus_GSV_Nizozemska_2022-121.jpg 1600w\" sizes=\"auto, (max-width: 300px) 100vw, 300px\" \/><\/a> <a href=\"https:\/\/glazbena.hr\/wp-content\/uploads\/2022\/03\/Erasmus_GSV_Nizozemska_2022-129.jpg\" target=\"_blank\" rel=\"noopener\"><img loading=\"lazy\" decoding=\"async\" class=\"alignnone wp-image-19000 size-medium\" src=\"https:\/\/glazbena.hr\/wp-content\/uploads\/2022\/03\/Erasmus_GSV_Nizozemska_2022-129-300x190.jpg\" alt=\"\" width=\"300\" height=\"190\" srcset=\"https:\/\/glazbena.hr\/wp-content\/uploads\/2022\/03\/Erasmus_GSV_Nizozemska_2022-129-300x190.jpg 300w, https:\/\/glazbena.hr\/wp-content\/uploads\/2022\/03\/Erasmus_GSV_Nizozemska_2022-129-1024x647.jpg 1024w, https:\/\/glazbena.hr\/wp-content\/uploads\/2022\/03\/Erasmus_GSV_Nizozemska_2022-129-768x485.jpg 768w, https:\/\/glazbena.hr\/wp-content\/uploads\/2022\/03\/Erasmus_GSV_Nizozemska_2022-129-1536x971.jpg 1536w, https:\/\/glazbena.hr\/wp-content\/uploads\/2022\/03\/Erasmus_GSV_Nizozemska_2022-129.jpg 1600w\" sizes=\"auto, (max-width: 300px) 100vw, 300px\" \/><\/a> <a href=\"https:\/\/glazbena.hr\/wp-content\/uploads\/2022\/03\/Erasmus_GSV_Nizozemska_2022-132.jpg\" target=\"_blank\" rel=\"noopener\"><img loading=\"lazy\" decoding=\"async\" class=\"alignnone wp-image-19001 size-medium\" src=\"https:\/\/glazbena.hr\/wp-content\/uploads\/2022\/03\/Erasmus_GSV_Nizozemska_2022-132-300x194.jpg\" alt=\"\" width=\"300\" height=\"194\" srcset=\"https:\/\/glazbena.hr\/wp-content\/uploads\/2022\/03\/Erasmus_GSV_Nizozemska_2022-132-300x194.jpg 300w, https:\/\/glazbena.hr\/wp-content\/uploads\/2022\/03\/Erasmus_GSV_Nizozemska_2022-132-1024x661.jpg 1024w, https:\/\/glazbena.hr\/wp-content\/uploads\/2022\/03\/Erasmus_GSV_Nizozemska_2022-132-768x496.jpg 768w, https:\/\/glazbena.hr\/wp-content\/uploads\/2022\/03\/Erasmus_GSV_Nizozemska_2022-132-1536x992.jpg 1536w, https:\/\/glazbena.hr\/wp-content\/uploads\/2022\/03\/Erasmus_GSV_Nizozemska_2022-132.jpg 1600w\" sizes=\"auto, (max-width: 300px) 100vw, 300px\" \/><\/a> <a href=\"https:\/\/glazbena.hr\/wp-content\/uploads\/2022\/03\/Erasmus_GSV_Nizozemska_2022-139.jpg\" target=\"_blank\" rel=\"noopener\"><img loading=\"lazy\" decoding=\"async\" class=\"alignnone wp-image-19002 size-medium\" src=\"https:\/\/glazbena.hr\/wp-content\/uploads\/2022\/03\/Erasmus_GSV_Nizozemska_2022-139-300x177.jpg\" alt=\"\" width=\"300\" height=\"177\" srcset=\"https:\/\/glazbena.hr\/wp-content\/uploads\/2022\/03\/Erasmus_GSV_Nizozemska_2022-139-300x177.jpg 300w, https:\/\/glazbena.hr\/wp-content\/uploads\/2022\/03\/Erasmus_GSV_Nizozemska_2022-139-1024x604.jpg 1024w, https:\/\/glazbena.hr\/wp-content\/uploads\/2022\/03\/Erasmus_GSV_Nizozemska_2022-139-768x453.jpg 768w, https:\/\/glazbena.hr\/wp-content\/uploads\/2022\/03\/Erasmus_GSV_Nizozemska_2022-139-1536x906.jpg 1536w, https:\/\/glazbena.hr\/wp-content\/uploads\/2022\/03\/Erasmus_GSV_Nizozemska_2022-139.jpg 1600w\" sizes=\"auto, (max-width: 300px) 100vw, 300px\" \/><\/a> <a href=\"https:\/\/glazbena.hr\/wp-content\/uploads\/2022\/03\/Erasmus_GSV_Nizozemska_2022-136.jpg\" target=\"_blank\" rel=\"noopener\"><img loading=\"lazy\" decoding=\"async\" class=\"alignnone wp-image-19003 size-medium\" src=\"https:\/\/glazbena.hr\/wp-content\/uploads\/2022\/03\/Erasmus_GSV_Nizozemska_2022-136-300x187.jpg\" alt=\"\" width=\"300\" height=\"187\" srcset=\"https:\/\/glazbena.hr\/wp-content\/uploads\/2022\/03\/Erasmus_GSV_Nizozemska_2022-136-300x187.jpg 300w, https:\/\/glazbena.hr\/wp-content\/uploads\/2022\/03\/Erasmus_GSV_Nizozemska_2022-136-1024x639.jpg 1024w, https:\/\/glazbena.hr\/wp-content\/uploads\/2022\/03\/Erasmus_GSV_Nizozemska_2022-136-768x480.jpg 768w, https:\/\/glazbena.hr\/wp-content\/uploads\/2022\/03\/Erasmus_GSV_Nizozemska_2022-136-1536x959.jpg 1536w, https:\/\/glazbena.hr\/wp-content\/uploads\/2022\/03\/Erasmus_GSV_Nizozemska_2022-136.jpg 1600w\" sizes=\"auto, (max-width: 300px) 100vw, 300px\" \/><\/a> <a href=\"https:\/\/glazbena.hr\/wp-content\/uploads\/2022\/03\/Erasmus_GSV_Nizozemska_2022-142.jpg\" target=\"_blank\" rel=\"noopener\"><img loading=\"lazy\" decoding=\"async\" class=\"alignnone wp-image-19004 size-medium\" src=\"https:\/\/glazbena.hr\/wp-content\/uploads\/2022\/03\/Erasmus_GSV_Nizozemska_2022-142-300x186.jpg\" alt=\"\" width=\"300\" height=\"186\" srcset=\"https:\/\/glazbena.hr\/wp-content\/uploads\/2022\/03\/Erasmus_GSV_Nizozemska_2022-142-300x186.jpg 300w, https:\/\/glazbena.hr\/wp-content\/uploads\/2022\/03\/Erasmus_GSV_Nizozemska_2022-142-1024x634.jpg 1024w, https:\/\/glazbena.hr\/wp-content\/uploads\/2022\/03\/Erasmus_GSV_Nizozemska_2022-142-768x476.jpg 768w, https:\/\/glazbena.hr\/wp-content\/uploads\/2022\/03\/Erasmus_GSV_Nizozemska_2022-142-1536x951.jpg 1536w, https:\/\/glazbena.hr\/wp-content\/uploads\/2022\/03\/Erasmus_GSV_Nizozemska_2022-142.jpg 1600w\" sizes=\"auto, (max-width: 300px) 100vw, 300px\" \/><\/a> <a href=\"https:\/\/glazbena.hr\/wp-content\/uploads\/2022\/03\/Erasmus_GSV_Nizozemska_2022-143.jpg\" target=\"_blank\" rel=\"noopener\"><img loading=\"lazy\" decoding=\"async\" class=\"alignnone wp-image-19005 size-medium\" src=\"https:\/\/glazbena.hr\/wp-content\/uploads\/2022\/03\/Erasmus_GSV_Nizozemska_2022-143-300x188.jpg\" alt=\"\" width=\"300\" height=\"188\" srcset=\"https:\/\/glazbena.hr\/wp-content\/uploads\/2022\/03\/Erasmus_GSV_Nizozemska_2022-143-300x188.jpg 300w, https:\/\/glazbena.hr\/wp-content\/uploads\/2022\/03\/Erasmus_GSV_Nizozemska_2022-143-1024x642.jpg 1024w, https:\/\/glazbena.hr\/wp-content\/uploads\/2022\/03\/Erasmus_GSV_Nizozemska_2022-143-768x481.jpg 768w, https:\/\/glazbena.hr\/wp-content\/uploads\/2022\/03\/Erasmus_GSV_Nizozemska_2022-143-1536x963.jpg 1536w, https:\/\/glazbena.hr\/wp-content\/uploads\/2022\/03\/Erasmus_GSV_Nizozemska_2022-143.jpg 1600w\" sizes=\"auto, (max-width: 300px) 100vw, 300px\" \/><\/a><\/p>\n","protected":false},"excerpt":{"rendered":"<p>U organizaciji Veleposlanstva Republike Hrvatske u Kraljevini Nizozemskoj u\u010denici Glazbene \u0161kole u Vara\u017edinu i u\u010denici School for Young Talent \u201d odr\u017eali su koncert u kulturnom sredi\u0161tu Haaga, koncertnoj dvorani In Het Koorenhuis na kojem su bili prisutni predstavnici visokog diplomatskog zbora. Nakon koncerta veleposlanica Dubravka Pleji\u0107 Markovi\u0107 ugostila je u\u010denike i nastavnike Glazbene \u0161kole u [&hellip;]<\/p>\n","protected":false},"author":5,"featured_media":0,"comment_status":"closed","ping_status":"closed","sticky":false,"template":"","format":"standard","meta":{"footnotes":""},"categories":[83],"tags":[],"class_list":["post-18997","post","type-post","status-publish","format-standard","hentry","category-erasmus-plus"],"translation":{"provider":"WPGlobus","version":"3.0.0","language":"gb","enabled_languages":["hr","gb"],"languages":{"hr":{"title":true,"content":true,"excerpt":false},"gb":{"title":false,"content":false,"excerpt":false}}},"_links":{"self":[{"href":"https:\/\/glazbena.hr\/gb\/wp-json\/wp\/v2\/posts\/18997","targetHints":{"allow":["GET"]}}],"collection":[{"href":"https:\/\/glazbena.hr\/gb\/wp-json\/wp\/v2\/posts"}],"about":[{"href":"https:\/\/glazbena.hr\/gb\/wp-json\/wp\/v2\/types\/post"}],"author":[{"embeddable":true,"href":"https:\/\/glazbena.hr\/gb\/wp-json\/wp\/v2\/users\/5"}],"replies":[{"embeddable":true,"href":"https:\/\/glazbena.hr\/gb\/wp-json\/wp\/v2\/comments?post=18997"}],"version-history":[{"count":3,"href":"https:\/\/glazbena.hr\/gb\/wp-json\/wp\/v2\/posts\/18997\/revisions"}],"predecessor-version":[{"id":19040,"href":"https:\/\/glazbena.hr\/gb\/wp-json\/wp\/v2\/posts\/18997\/revisions\/19040"}],"wp:attachment":[{"href":"https:\/\/glazbena.hr\/gb\/wp-json\/wp\/v2\/media?parent=18997"}],"wp:term":[{"taxonomy":"category","embeddable":true,"href":"https:\/\/glazbena.hr\/gb\/wp-json\/wp\/v2\/categories?post=18997"},{"taxonomy":"post_tag","embeddable":true,"href":"https:\/\/glazbena.hr\/gb\/wp-json\/wp\/v2\/tags?post=18997"}],"curies":[{"name":"wp","href":"https:\/\/api.w.org\/{rel}","templated":true}]}}