{"id":19408,"date":"2022-05-19T10:52:11","date_gmt":"2022-05-19T08:52:11","guid":{"rendered":"https:\/\/glazbena.hr\/?p=19408"},"modified":"2022-05-19T10:52:11","modified_gmt":"2022-05-19T08:52:11","slug":"klavirski-recital-karlo-posnjak","status":"publish","type":"post","link":"https:\/\/glazbena.hr\/gb\/events\/klavirski-recital-karlo-posnjak\/","title":{"rendered":"Klavirski recital Karlo Posnjak"},"content":{"rendered":"<p>Srda\u010dno vas pozivamo na klavirski recital biv\u0161eg u\u010denika Glazbene \u0161kole u Vara\u017edinu, a danas studenta Akademije za glasbo u Ljubljani Karla Posnjaka, koji \u0107e se odr\u017eati 24. svibnja 2022. godine u Velikoj koncertnoj dvorani Glazbene \u0161kole u Vara\u017edinu s po\u010detkom u 17.30 sati.<\/p>\n<p>Ulaz na koncert je slobodan.<\/p>\n<p>&nbsp;<\/p>\n<p><a href=\"https:\/\/glazbena.hr\/wp-content\/uploads\/2022\/05\/1652943541282.jpg\" target=\"_blank\" rel=\"noopener\"><img loading=\"lazy\" decoding=\"async\" class=\"alignnone wp-image-19409 size-full\" src=\"https:\/\/glazbena.hr\/wp-content\/uploads\/2022\/05\/1652943541282.jpg\" alt=\"\" width=\"800\" height=\"800\" srcset=\"https:\/\/glazbena.hr\/wp-content\/uploads\/2022\/05\/1652943541282.jpg 800w, https:\/\/glazbena.hr\/wp-content\/uploads\/2022\/05\/1652943541282-300x300.jpg 300w, https:\/\/glazbena.hr\/wp-content\/uploads\/2022\/05\/1652943541282-150x150.jpg 150w, https:\/\/glazbena.hr\/wp-content\/uploads\/2022\/05\/1652943541282-768x768.jpg 768w\" sizes=\"auto, (max-width: 800px) 100vw, 800px\" \/><\/a><\/p>\n","protected":false},"excerpt":{"rendered":"<p>Srda\u010dno vas pozivamo na klavirski recital biv\u0161eg u\u010denika Glazbene \u0161kole u Vara\u017edinu, a danas studenta Akademije za glasbo u Ljubljani Karla Posnjaka, koji \u0107e se odr\u017eati 24. svibnja 2022. godine u Velikoj koncertnoj dvorani Glazbene \u0161kole u Vara\u017edinu s po\u010detkom u 17.30 sati. Ulaz na koncert je slobodan. &nbsp;<\/p>\n","protected":false},"author":5,"featured_media":0,"comment_status":"closed","ping_status":"closed","sticky":false,"template":"","format":"standard","meta":{"footnotes":""},"categories":[64],"tags":[],"class_list":["post-19408","post","type-post","status-publish","format-standard","hentry","category-najava-dogadanja"],"translation":{"provider":"WPGlobus","version":"3.0.0","language":"gb","enabled_languages":["hr","gb"],"languages":{"hr":{"title":true,"content":true,"excerpt":false},"gb":{"title":false,"content":false,"excerpt":false}}},"_links":{"self":[{"href":"https:\/\/glazbena.hr\/gb\/wp-json\/wp\/v2\/posts\/19408","targetHints":{"allow":["GET"]}}],"collection":[{"href":"https:\/\/glazbena.hr\/gb\/wp-json\/wp\/v2\/posts"}],"about":[{"href":"https:\/\/glazbena.hr\/gb\/wp-json\/wp\/v2\/types\/post"}],"author":[{"embeddable":true,"href":"https:\/\/glazbena.hr\/gb\/wp-json\/wp\/v2\/users\/5"}],"replies":[{"embeddable":true,"href":"https:\/\/glazbena.hr\/gb\/wp-json\/wp\/v2\/comments?post=19408"}],"version-history":[{"count":2,"href":"https:\/\/glazbena.hr\/gb\/wp-json\/wp\/v2\/posts\/19408\/revisions"}],"predecessor-version":[{"id":19411,"href":"https:\/\/glazbena.hr\/gb\/wp-json\/wp\/v2\/posts\/19408\/revisions\/19411"}],"wp:attachment":[{"href":"https:\/\/glazbena.hr\/gb\/wp-json\/wp\/v2\/media?parent=19408"}],"wp:term":[{"taxonomy":"category","embeddable":true,"href":"https:\/\/glazbena.hr\/gb\/wp-json\/wp\/v2\/categories?post=19408"},{"taxonomy":"post_tag","embeddable":true,"href":"https:\/\/glazbena.hr\/gb\/wp-json\/wp\/v2\/tags?post=19408"}],"curies":[{"name":"wp","href":"https:\/\/api.w.org\/{rel}","templated":true}]}}