{"id":19443,"date":"2022-05-22T19:24:01","date_gmt":"2022-05-22T17:24:01","guid":{"rendered":"https:\/\/glazbena.hr\/?p=19443"},"modified":"2022-05-25T08:19:57","modified_gmt":"2022-05-25T06:19:57","slug":"produkcija-ucenika-prvih-razreda-osnovne-glazbene-skole","status":"publish","type":"post","link":"https:\/\/glazbena.hr\/gb\/produkcije\/produkcija-ucenika-prvih-razreda-osnovne-glazbene-skole\/","title":{"rendered":"Produkcija u\u010denika prvih razreda osnovne glazbene \u0161kole Odjela za klavir"},"content":{"rendered":"<p>Produkcija u\u010denika prvih razreda Odjela za klavir odr\u017eat \u0107e se u srijedu, 25. svibnja 2022. godine u Velikoj koncertnoj dvorani Glazbene \u0161kole u Vara\u017edinu s po\u010detkom u 16.30 sati.<\/p>\n<p><a href=\"https:\/\/glazbena.hr\/wp-content\/uploads\/2022\/05\/Produkcija-prvih-razreda-2022.pdf\" target=\"_blank\" rel=\"noopener\">Produkcija u\u010denika prvih razreda 2022.<\/a><\/p>\n","protected":false},"excerpt":{"rendered":"<p>Produkcija u\u010denika prvih razreda Odjela za klavir odr\u017eat \u0107e se u srijedu, 25. svibnja 2022. godine u Velikoj koncertnoj dvorani Glazbene \u0161kole u Vara\u017edinu s po\u010detkom u 16.30 sati. Produkcija u\u010denika prvih razreda 2022.<\/p>\n","protected":false},"author":5,"featured_media":0,"comment_status":"closed","ping_status":"closed","sticky":false,"template":"","format":"standard","meta":{"footnotes":""},"categories":[65],"tags":[],"class_list":["post-19443","post","type-post","status-publish","format-standard","hentry","category-produkcije"],"translation":{"provider":"WPGlobus","version":"3.0.0","language":"gb","enabled_languages":["hr","gb"],"languages":{"hr":{"title":true,"content":true,"excerpt":false},"gb":{"title":false,"content":false,"excerpt":false}}},"_links":{"self":[{"href":"https:\/\/glazbena.hr\/gb\/wp-json\/wp\/v2\/posts\/19443","targetHints":{"allow":["GET"]}}],"collection":[{"href":"https:\/\/glazbena.hr\/gb\/wp-json\/wp\/v2\/posts"}],"about":[{"href":"https:\/\/glazbena.hr\/gb\/wp-json\/wp\/v2\/types\/post"}],"author":[{"embeddable":true,"href":"https:\/\/glazbena.hr\/gb\/wp-json\/wp\/v2\/users\/5"}],"replies":[{"embeddable":true,"href":"https:\/\/glazbena.hr\/gb\/wp-json\/wp\/v2\/comments?post=19443"}],"version-history":[{"count":4,"href":"https:\/\/glazbena.hr\/gb\/wp-json\/wp\/v2\/posts\/19443\/revisions"}],"predecessor-version":[{"id":19502,"href":"https:\/\/glazbena.hr\/gb\/wp-json\/wp\/v2\/posts\/19443\/revisions\/19502"}],"wp:attachment":[{"href":"https:\/\/glazbena.hr\/gb\/wp-json\/wp\/v2\/media?parent=19443"}],"wp:term":[{"taxonomy":"category","embeddable":true,"href":"https:\/\/glazbena.hr\/gb\/wp-json\/wp\/v2\/categories?post=19443"},{"taxonomy":"post_tag","embeddable":true,"href":"https:\/\/glazbena.hr\/gb\/wp-json\/wp\/v2\/tags?post=19443"}],"curies":[{"name":"wp","href":"https:\/\/api.w.org\/{rel}","templated":true}]}}