{"id":19616,"date":"2022-06-08T14:07:31","date_gmt":"2022-06-08T12:07:31","guid":{"rendered":"https:\/\/glazbena.hr\/?p=19616"},"modified":"2022-06-08T14:07:31","modified_gmt":"2022-06-08T12:07:31","slug":"zavrsna-produkcija-podrucnog-odjela-u-ivancu-2","status":"publish","type":"post","link":"https:\/\/glazbena.hr\/gb\/events\/zavrsna-produkcija-podrucnog-odjela-u-ivancu-2\/","title":{"rendered":"Zavr\u0161na produkcija podru\u010dnog odjela u Ivancu"},"content":{"rendered":"<p>Zavr\u0161na produkcija Glazbene \u0161kole u Vara\u017edinu Podru\u010dnog odjela u Ivancu odr\u017eat \u0107e se u \u010detvrtak, 9. lipnja 2022. godine u Amfiteatru Srednje \u0161kole Ivanec s po\u010detkom u 18.00 sati.<\/p>\n<p><a href=\"https:\/\/glazbena.hr\/wp-content\/uploads\/2022\/06\/Zavrsna-produkcija-PO-u-Ivancu-2022.pdf\" target=\"_blank\" rel=\"noopener\">Zavr\u0161na produkcija &#8211; PO u Ivancu 2022<\/a><\/p>\n","protected":false},"excerpt":{"rendered":"<p>Zavr\u0161na produkcija Glazbene \u0161kole u Vara\u017edinu Podru\u010dnog odjela u Ivancu odr\u017eat \u0107e se u \u010detvrtak, 9. lipnja 2022. godine u Amfiteatru Srednje \u0161kole Ivanec s po\u010detkom u 18.00 sati. Zavr\u0161na produkcija &#8211; PO u Ivancu 2022<\/p>\n","protected":false},"author":5,"featured_media":0,"comment_status":"closed","ping_status":"closed","sticky":false,"template":"","format":"standard","meta":{"footnotes":""},"categories":[64],"tags":[],"class_list":["post-19616","post","type-post","status-publish","format-standard","hentry","category-najava-dogadanja"],"translation":{"provider":"WPGlobus","version":"3.0.0","language":"gb","enabled_languages":["hr","gb"],"languages":{"hr":{"title":true,"content":true,"excerpt":false},"gb":{"title":false,"content":false,"excerpt":false}}},"_links":{"self":[{"href":"https:\/\/glazbena.hr\/gb\/wp-json\/wp\/v2\/posts\/19616","targetHints":{"allow":["GET"]}}],"collection":[{"href":"https:\/\/glazbena.hr\/gb\/wp-json\/wp\/v2\/posts"}],"about":[{"href":"https:\/\/glazbena.hr\/gb\/wp-json\/wp\/v2\/types\/post"}],"author":[{"embeddable":true,"href":"https:\/\/glazbena.hr\/gb\/wp-json\/wp\/v2\/users\/5"}],"replies":[{"embeddable":true,"href":"https:\/\/glazbena.hr\/gb\/wp-json\/wp\/v2\/comments?post=19616"}],"version-history":[{"count":2,"href":"https:\/\/glazbena.hr\/gb\/wp-json\/wp\/v2\/posts\/19616\/revisions"}],"predecessor-version":[{"id":19619,"href":"https:\/\/glazbena.hr\/gb\/wp-json\/wp\/v2\/posts\/19616\/revisions\/19619"}],"wp:attachment":[{"href":"https:\/\/glazbena.hr\/gb\/wp-json\/wp\/v2\/media?parent=19616"}],"wp:term":[{"taxonomy":"category","embeddable":true,"href":"https:\/\/glazbena.hr\/gb\/wp-json\/wp\/v2\/categories?post=19616"},{"taxonomy":"post_tag","embeddable":true,"href":"https:\/\/glazbena.hr\/gb\/wp-json\/wp\/v2\/tags?post=19616"}],"curies":[{"name":"wp","href":"https:\/\/api.w.org\/{rel}","templated":true}]}}