{"id":19827,"date":"2022-07-08T13:31:36","date_gmt":"2022-07-08T11:31:36","guid":{"rendered":"https:\/\/glazbena.hr\/?p=19827"},"modified":"2022-07-08T13:31:36","modified_gmt":"2022-07-08T11:31:36","slug":"termini-za-upis-u-1-razred-srednje-glazbene-skole-i-1-razred-pripremnog-obrazovanja","status":"publish","type":"post","link":"https:\/\/glazbena.hr\/gb\/srednja-glazbena\/termini-za-upis-u-1-razred-srednje-glazbene-skole-i-1-razred-pripremnog-obrazovanja\/","title":{"rendered":"Termini za upis u 1. razred srednje glazbene \u0161kole i 1. razred pripremnog obrazovanja"},"content":{"rendered":"<p>Termini za upis u 1. razred srednje glazbene \u0161kole i 1. razred pripremnog obrazovanja:<\/p>\n<p><strong>Ponedjeljak, 11. srpnja 2022. godine \u2013 <\/strong><strong>od 8,00 do 18,00 sati<\/strong><\/p>\n<p><strong>Utorak, 12. srpnja 2022. godine \u2013 <\/strong><strong>od 8,00 do 12,00 sati<\/strong><\/p>\n<p>1. razred srednje \u0161kole \u2013 soba 7<br \/>\n1. razred pripremnog obrazovanja \u2013 soba 6<\/p>\n<p>Potrebno je dostaviti sljede\u0107u dokumentaciju:<br \/>\n1. Ispisana i ispunjena UPISNICA iz sustava https:\/\/srednje.e-upisi.hr<br \/>\n2. Ispunjena dva primjerka ugovora (preuzimate u \u0160koli)<br \/>\n3. Ispunjena privola (preuzimate u \u0160koli)<br \/>\n4. Ispunjena upisnica Glazbene \u0161kole u Vara\u017edinu (preuzimate u \u0160koli)<\/p>\n<p>*roditelj\/skrbnik je obvezan do\u0107i zbog potpisivanja navedenih dokumenata<\/p>\n<p><a href=\"https:\/\/glazbena.hr\/wp-content\/uploads\/2022\/07\/UPISI-11.-i-12.-srpnja-2022..pdf\" target=\"_blank\" rel=\"noopener\">Termini za upis u 1. razred srednje glazbene \u0161kole i 1. razred pripremnog obrazovanja<\/a><\/p>\n","protected":false},"excerpt":{"rendered":"<p>Termini za upis u 1. razred srednje glazbene \u0161kole i 1. razred pripremnog obrazovanja: Ponedjeljak, 11. srpnja 2022. godine \u2013 od 8,00 do 18,00 sati Utorak, 12. srpnja 2022. godine \u2013 od 8,00 do 12,00 sati 1. razred srednje \u0161kole \u2013 soba 7 1. razred pripremnog obrazovanja \u2013 soba 6 Potrebno je dostaviti sljede\u0107u dokumentaciju: [&hellip;]<\/p>\n","protected":false},"author":5,"featured_media":0,"comment_status":"closed","ping_status":"closed","sticky":false,"template":"","format":"standard","meta":{"footnotes":""},"categories":[63,62,76],"tags":[],"class_list":["post-19827","post","type-post","status-publish","format-standard","hentry","category-pripremno-obrazovanje","category-srednja-glazbena","category-za-ucenike"],"translation":{"provider":"WPGlobus","version":"3.0.0","language":"gb","enabled_languages":["hr","gb"],"languages":{"hr":{"title":true,"content":true,"excerpt":false},"gb":{"title":false,"content":false,"excerpt":false}}},"_links":{"self":[{"href":"https:\/\/glazbena.hr\/gb\/wp-json\/wp\/v2\/posts\/19827","targetHints":{"allow":["GET"]}}],"collection":[{"href":"https:\/\/glazbena.hr\/gb\/wp-json\/wp\/v2\/posts"}],"about":[{"href":"https:\/\/glazbena.hr\/gb\/wp-json\/wp\/v2\/types\/post"}],"author":[{"embeddable":true,"href":"https:\/\/glazbena.hr\/gb\/wp-json\/wp\/v2\/users\/5"}],"replies":[{"embeddable":true,"href":"https:\/\/glazbena.hr\/gb\/wp-json\/wp\/v2\/comments?post=19827"}],"version-history":[{"count":2,"href":"https:\/\/glazbena.hr\/gb\/wp-json\/wp\/v2\/posts\/19827\/revisions"}],"predecessor-version":[{"id":19830,"href":"https:\/\/glazbena.hr\/gb\/wp-json\/wp\/v2\/posts\/19827\/revisions\/19830"}],"wp:attachment":[{"href":"https:\/\/glazbena.hr\/gb\/wp-json\/wp\/v2\/media?parent=19827"}],"wp:term":[{"taxonomy":"category","embeddable":true,"href":"https:\/\/glazbena.hr\/gb\/wp-json\/wp\/v2\/categories?post=19827"},{"taxonomy":"post_tag","embeddable":true,"href":"https:\/\/glazbena.hr\/gb\/wp-json\/wp\/v2\/tags?post=19827"}],"curies":[{"name":"wp","href":"https:\/\/api.w.org\/{rel}","templated":true}]}}