{"id":21972,"date":"2022-10-24T11:23:26","date_gmt":"2022-10-24T09:23:26","guid":{"rendered":"https:\/\/glazbena.hr\/?p=21972"},"modified":"2022-10-24T11:23:26","modified_gmt":"2022-10-24T09:23:26","slug":"produkcija-odjela-za-klavir-10","status":"publish","type":"post","link":"https:\/\/glazbena.hr\/gb\/produkcije\/produkcija-odjela-za-klavir-10\/","title":{"rendered":"Produkcija odjela za klavir"},"content":{"rendered":"<p>Produkcije Odjela za klavir odr\u017eat \u0107e se u \u010detvrtak 27. listopada 2022. godine u Velikoj koncertnoj dvorani Glazbene \u0161kole u Vara\u017edinu. Prva \u0107e se produkcija odr\u017eati u 16.30, a druga u 18.00 sati.<\/p>\n<p><a href=\"https:\/\/glazbena.hr\/wp-content\/uploads\/2022\/10\/Produkcija-27.10.2022.-prvi-dio.pdf\" target=\"_blank\" rel=\"noopener\">Produkcija 27.10.2022. prvi dio<\/a><\/p>\n<p><a href=\"https:\/\/glazbena.hr\/wp-content\/uploads\/2022\/10\/Produkcija-27.10.2022.-II.pdf\" target=\"_blank\" rel=\"noopener\">Produkcija 27.10.2022. drugi dio<\/a><\/p>\n","protected":false},"excerpt":{"rendered":"<p>Produkcije Odjela za klavir odr\u017eat \u0107e se u \u010detvrtak 27. listopada 2022. godine u Velikoj koncertnoj dvorani Glazbene \u0161kole u Vara\u017edinu. Prva \u0107e se produkcija odr\u017eati u 16.30, a druga u 18.00 sati. Produkcija 27.10.2022. prvi dio Produkcija 27.10.2022. drugi dio<\/p>\n","protected":false},"author":5,"featured_media":0,"comment_status":"closed","ping_status":"closed","sticky":false,"template":"","format":"standard","meta":{"footnotes":""},"categories":[65],"tags":[],"class_list":["post-21972","post","type-post","status-publish","format-standard","hentry","category-produkcije"],"translation":{"provider":"WPGlobus","version":"3.0.0","language":"gb","enabled_languages":["hr","gb"],"languages":{"hr":{"title":true,"content":true,"excerpt":false},"gb":{"title":false,"content":false,"excerpt":false}}},"_links":{"self":[{"href":"https:\/\/glazbena.hr\/gb\/wp-json\/wp\/v2\/posts\/21972","targetHints":{"allow":["GET"]}}],"collection":[{"href":"https:\/\/glazbena.hr\/gb\/wp-json\/wp\/v2\/posts"}],"about":[{"href":"https:\/\/glazbena.hr\/gb\/wp-json\/wp\/v2\/types\/post"}],"author":[{"embeddable":true,"href":"https:\/\/glazbena.hr\/gb\/wp-json\/wp\/v2\/users\/5"}],"replies":[{"embeddable":true,"href":"https:\/\/glazbena.hr\/gb\/wp-json\/wp\/v2\/comments?post=21972"}],"version-history":[{"count":2,"href":"https:\/\/glazbena.hr\/gb\/wp-json\/wp\/v2\/posts\/21972\/revisions"}],"predecessor-version":[{"id":21993,"href":"https:\/\/glazbena.hr\/gb\/wp-json\/wp\/v2\/posts\/21972\/revisions\/21993"}],"wp:attachment":[{"href":"https:\/\/glazbena.hr\/gb\/wp-json\/wp\/v2\/media?parent=21972"}],"wp:term":[{"taxonomy":"category","embeddable":true,"href":"https:\/\/glazbena.hr\/gb\/wp-json\/wp\/v2\/categories?post=21972"},{"taxonomy":"post_tag","embeddable":true,"href":"https:\/\/glazbena.hr\/gb\/wp-json\/wp\/v2\/tags?post=21972"}],"curies":[{"name":"wp","href":"https:\/\/api.w.org\/{rel}","templated":true}]}}