{"id":22037,"date":"2022-11-07T17:44:49","date_gmt":"2022-11-07T15:44:49","guid":{"rendered":"https:\/\/glazbena.hr\/?p=22037"},"modified":"2022-11-13T21:07:57","modified_gmt":"2022-11-13T19:07:57","slug":"produkcija-odjela-za-solo-pjevanje-6","status":"publish","type":"post","link":"https:\/\/glazbena.hr\/gb\/produkcije\/produkcija-odjela-za-solo-pjevanje-6\/","title":{"rendered":"Produkcija Odjela za solo pjevanje"},"content":{"rendered":"<p>Produkcija Odjela za solo pjevanje odr\u017eat \u0107e se u utorak, 8. studenog 2022. godine u Velikoj koncertnoj dvorani Glazbene \u0161kole u Vara\u017edinu s po\u010detkom u 18.00 sati.<\/p>\n<p><a href=\"https:\/\/glazbena.hr\/wp-content\/uploads\/2022\/11\/Produkcija-odjela-za-solopjevanje.pdf\" target=\"_blank\" rel=\"noopener\">Produkcija odjela za solo pjevanje<\/a><\/p>\n","protected":false},"excerpt":{"rendered":"<p>Produkcija Odjela za solo pjevanje odr\u017eat \u0107e se u utorak, 8. studenog 2022. godine u Velikoj koncertnoj dvorani Glazbene \u0161kole u Vara\u017edinu s po\u010detkom u 18.00 sati. Produkcija odjela za solo pjevanje<\/p>\n","protected":false},"author":5,"featured_media":0,"comment_status":"closed","ping_status":"closed","sticky":false,"template":"","format":"standard","meta":{"footnotes":""},"categories":[65],"tags":[],"class_list":["post-22037","post","type-post","status-publish","format-standard","hentry","category-produkcije"],"translation":{"provider":"WPGlobus","version":"3.0.0","language":"gb","enabled_languages":["hr","gb"],"languages":{"hr":{"title":true,"content":true,"excerpt":false},"gb":{"title":false,"content":false,"excerpt":false}}},"_links":{"self":[{"href":"https:\/\/glazbena.hr\/gb\/wp-json\/wp\/v2\/posts\/22037","targetHints":{"allow":["GET"]}}],"collection":[{"href":"https:\/\/glazbena.hr\/gb\/wp-json\/wp\/v2\/posts"}],"about":[{"href":"https:\/\/glazbena.hr\/gb\/wp-json\/wp\/v2\/types\/post"}],"author":[{"embeddable":true,"href":"https:\/\/glazbena.hr\/gb\/wp-json\/wp\/v2\/users\/5"}],"replies":[{"embeddable":true,"href":"https:\/\/glazbena.hr\/gb\/wp-json\/wp\/v2\/comments?post=22037"}],"version-history":[{"count":3,"href":"https:\/\/glazbena.hr\/gb\/wp-json\/wp\/v2\/posts\/22037\/revisions"}],"predecessor-version":[{"id":22073,"href":"https:\/\/glazbena.hr\/gb\/wp-json\/wp\/v2\/posts\/22037\/revisions\/22073"}],"wp:attachment":[{"href":"https:\/\/glazbena.hr\/gb\/wp-json\/wp\/v2\/media?parent=22037"}],"wp:term":[{"taxonomy":"category","embeddable":true,"href":"https:\/\/glazbena.hr\/gb\/wp-json\/wp\/v2\/categories?post=22037"},{"taxonomy":"post_tag","embeddable":true,"href":"https:\/\/glazbena.hr\/gb\/wp-json\/wp\/v2\/tags?post=22037"}],"curies":[{"name":"wp","href":"https:\/\/api.w.org\/{rel}","templated":true}]}}