{"id":22099,"date":"2022-11-22T10:00:43","date_gmt":"2022-11-22T08:00:43","guid":{"rendered":"https:\/\/glazbena.hr\/?p=22099"},"modified":"2022-11-22T11:44:01","modified_gmt":"2022-11-22T09:44:01","slug":"novo-priznanje-glazbenoj-skoli-u-varazdinu","status":"publish","type":"post","link":"https:\/\/glazbena.hr\/gb\/activity\/novo-priznanje-glazbenoj-skoli-u-varazdinu\/","title":{"rendered":"Novo priznanje Glazbenoj \u0161koli u Vara\u017edinu"},"content":{"rendered":"<p>YMTE (Young Music Talents in Europe) je \u010dlanska udruga za specijalizirane \u0161kole u okviru srednjo\u0161kolskog glazbenog obrazovanja koje pru\u017eaju visoku razinu predfakultetskog glazbenog obrazovanja do razine prikladne za ulazak u visoko\u0161kolsko glazbeno obrazovanje.<br \/>\nYMTE ima za cilj posti\u0107i svoje ciljeve putem:<br \/>\n\u2013 isticanje va\u017enosti kombiniranog kurikuluma koji uklju\u010duje glazbene i akademske studije vezane uz pripremu studenata za budu\u0107e stru\u010dne studije<br \/>\n\u2013 formirati suradni\u010dku mre\u017eu u cilju pobolj\u0161anja i razvoja kurikuluma glazbenih i akademskih studija, s naglaskom na izvrsnu izvedbu i sadr\u017eajnu relevantnost<br \/>\n\u2013 razmjena i razvoj stru\u010dnog znanja<br \/>\n\u2013 poticanje i podr\u017eavanje programa razmjene studenata, osoblja i nastavnika.<br \/>\nTijekom proteklih 15 godina, School for Young Talent Kraljevskog konzervatorija u Den Haagu redovito je kontaktirala s raznim partnerskim \u0161kolama u Europi. Sve te \u0161kole kombiniraju osnovnu i srednju \u0161kolu sa specijalisti\u010dkim pripremnim smjerom glazbenog obrazovanja i osposobljavanja. Pritom su u\u010denici dobro pripremljeni za me\u0111unarodno visoko glazbeno obrazovanje i budu\u0107u karijeru u glazbi. Ostvareni kontakt je \u010desto bio usputne prirode: kratka razmjena, zajedni\u010dka turneja, razmjena znanja ili konferencija. Dana 24. o\u017eujka 2017. School for Young Talent proslavila je svoju 60. obljetnicu i pozvala 8 drugih europskih \u0161kola da odr\u017ee obljetni\u010dki koncert u Haagu, kojem je nazo\u010dila Njezino Kraljevsko Viso\u010danstvo Princeza Beatrix. Neposredno prije koncerta 9 \u0161kola potpisalo je ugovor o daljnjem pro\u0161irenju suradnje. 31. listopada 2018. godine slu\u017ebeno je osnovana organizacija pod nazivom Young Music Talents in Europe (YMTE). Organizacija broji 11 partnerskih institucija \u2013 <strong>S\u00e4chsisches Landesgymnasium f\u00fcr Musik, Njema\u010dka, Musikgymnasium C.P.E. Bach, Njema\u010dka, Yehudi Menuhin School, Ujedinjeno Kraljevstvo, Wells Cathedral School of Music, Ujedinjeno Kraljevstvo, Academia de M\u00fasica e Dan\u00e7a do Fund\u00e3o, Portugal, Escola Profissional de Artes da Covilha, Portugal, East Helsinki Music Institute, Finska, Chetham&#8217;s School of Music, Ujedinjeno Kraljevstvo, Barratt Due Institute of Music, Norve\u0161ka, School for Young Talent, Nizozemska, EBELU, Eberhard-Ludwigs-Gymnasium, Njema\u010dka, Winterthur Conservatory, \u0160vicarska i CODARTS, Nizozemska.<\/strong><br \/>\nNa konferenciji koja se odr\u017eala u Haagu od 18. studenog 2022. godine do 19. studenog 2022. godine pozivnicu da se da se pridru\u017ee organizaciji dobilo je 9 institucija iz cijele Europe me\u0111u kojima se nalazi i Glazbena \u0161kola u Vara\u017edinu. Iskustvo i poznanstva ste\u010dena Erasmus+ projektom Glazbene \u0161kole u Vara\u017edinu koji je realiziran u suradnji sa School for Young Talent u Den Haagu bili su presudni za pozivanje Glazbene \u0161kole u Vara\u017edinu ovoj presti\u017enoj asocijaciji te je ravnatelj \u0160kole za mlade talente i jedan od osniva\u010da organizacije Jan van Bilsen pozvao predstavnike Glazbene \u0161kole u Vara\u017edinu u Den Haag na redovnu konferenciju Udruge. Ravnatelji i koordinatori me\u0111unarodnih projekata tom su prigodom ve\u0107 dogovorili na\u010dine redovnog komuniciranja i suradnje.<br \/>\nUz Glazbenu \u0161kolu u Vara\u017edinu, Udruzi YMTE su pristupile i ove institucije:<br \/>\n<strong>National Centre for Music Talents, \u0160vedska<\/strong><br \/>\n<strong>Royal Irish Academy of Music &#8211; Junior RIAM, Irska<\/strong><br \/>\n<strong>St Mary\u00b4s Music School, Edinburgh, Ujedinjeno Kraljevstvo<\/strong><br \/>\n<strong>Reina Sofia School of Music, Madrid, \u0160panjolska<\/strong><br \/>\n<strong>Aarhus School of Music, Danska<\/strong><br \/>\n<strong>IEA Oriol Martorell, Barcelona, \u0160panjolska<\/strong><\/p>\n<p><strong>.<a href=\"https:\/\/glazbena.hr\/wp-content\/uploads\/2022\/11\/1669056435542.jpg\" target=\"_blank\" rel=\"noopener\">\u00a0 <\/a><a href=\"https:\/\/glazbena.hr\/wp-content\/uploads\/2022\/11\/1669056435542.jpg\" target=\"_blank\" rel=\"noopener\"><img loading=\"lazy\" decoding=\"async\" class=\"alignnone wp-image-22100 size-medium\" src=\"https:\/\/glazbena.hr\/wp-content\/uploads\/2022\/11\/1669056435542-300x186.jpg\" alt=\"\" width=\"300\" height=\"186\" srcset=\"https:\/\/glazbena.hr\/wp-content\/uploads\/2022\/11\/1669056435542-300x186.jpg 300w, https:\/\/glazbena.hr\/wp-content\/uploads\/2022\/11\/1669056435542-1024x633.jpg 1024w, https:\/\/glazbena.hr\/wp-content\/uploads\/2022\/11\/1669056435542-768x475.jpg 768w, https:\/\/glazbena.hr\/wp-content\/uploads\/2022\/11\/1669056435542-1536x950.jpg 1536w, https:\/\/glazbena.hr\/wp-content\/uploads\/2022\/11\/1669056435542.jpg 1746w\" sizes=\"auto, (max-width: 300px) 100vw, 300px\" \/><\/a> <a href=\"https:\/\/glazbena.hr\/wp-content\/uploads\/2022\/11\/1669061934464-scaled.jpg\"><img loading=\"lazy\" decoding=\"async\" class=\"alignnone size-medium wp-image-22115\" src=\"https:\/\/glazbena.hr\/wp-content\/uploads\/2022\/11\/1669061934464-300x169.jpg\" alt=\"\" width=\"300\" height=\"169\" srcset=\"https:\/\/glazbena.hr\/wp-content\/uploads\/2022\/11\/1669061934464-300x169.jpg 300w, https:\/\/glazbena.hr\/wp-content\/uploads\/2022\/11\/1669061934464-1024x577.jpg 1024w, https:\/\/glazbena.hr\/wp-content\/uploads\/2022\/11\/1669061934464-768x432.jpg 768w, https:\/\/glazbena.hr\/wp-content\/uploads\/2022\/11\/1669061934464-1536x865.jpg 1536w, https:\/\/glazbena.hr\/wp-content\/uploads\/2022\/11\/1669061934464-2048x1153.jpg 2048w\" sizes=\"auto, (max-width: 300px) 100vw, 300px\" \/><\/a><\/strong><\/p>\n<p><a href=\"https:\/\/glazbena.hr\/wp-content\/uploads\/2022\/11\/1669061934473-scaled.jpg\" target=\"_blank\" rel=\"noopener\"><img loading=\"lazy\" decoding=\"async\" class=\"alignnone wp-image-22116 size-medium\" src=\"https:\/\/glazbena.hr\/wp-content\/uploads\/2022\/11\/1669061934473-300x169.jpg\" alt=\"\" width=\"300\" height=\"169\" srcset=\"https:\/\/glazbena.hr\/wp-content\/uploads\/2022\/11\/1669061934473-300x169.jpg 300w, https:\/\/glazbena.hr\/wp-content\/uploads\/2022\/11\/1669061934473-1024x577.jpg 1024w, https:\/\/glazbena.hr\/wp-content\/uploads\/2022\/11\/1669061934473-768x432.jpg 768w, https:\/\/glazbena.hr\/wp-content\/uploads\/2022\/11\/1669061934473-1536x865.jpg 1536w, https:\/\/glazbena.hr\/wp-content\/uploads\/2022\/11\/1669061934473-2048x1153.jpg 2048w\" sizes=\"auto, (max-width: 300px) 100vw, 300px\" \/><\/a> <a href=\"https:\/\/glazbena.hr\/wp-content\/uploads\/2022\/11\/IMG_20221121_211816-scaled.jpg\" target=\"_blank\" rel=\"noopener\"><img loading=\"lazy\" decoding=\"async\" class=\"alignnone wp-image-22111 size-medium\" src=\"https:\/\/glazbena.hr\/wp-content\/uploads\/2022\/11\/IMG_20221121_211816-300x194.jpg\" alt=\"\" width=\"300\" height=\"194\" srcset=\"https:\/\/glazbena.hr\/wp-content\/uploads\/2022\/11\/IMG_20221121_211816-300x194.jpg 300w, https:\/\/glazbena.hr\/wp-content\/uploads\/2022\/11\/IMG_20221121_211816-1024x662.jpg 1024w, https:\/\/glazbena.hr\/wp-content\/uploads\/2022\/11\/IMG_20221121_211816-768x497.jpg 768w, https:\/\/glazbena.hr\/wp-content\/uploads\/2022\/11\/IMG_20221121_211816-1536x994.jpg 1536w, https:\/\/glazbena.hr\/wp-content\/uploads\/2022\/11\/IMG_20221121_211816-2048x1325.jpg 2048w\" sizes=\"auto, (max-width: 300px) 100vw, 300px\" \/><\/a><\/p>\n<p><a href=\"https:\/\/glazbena.hr\/wp-content\/uploads\/2022\/11\/IMG_20221119_155313-01-scaled.jpeg\" target=\"_blank\" rel=\"noopener\"><img loading=\"lazy\" decoding=\"async\" class=\"alignnone wp-image-22113 size-medium\" src=\"https:\/\/glazbena.hr\/wp-content\/uploads\/2022\/11\/IMG_20221119_155313-01-169x300.jpeg\" alt=\"\" width=\"169\" height=\"300\" srcset=\"https:\/\/glazbena.hr\/wp-content\/uploads\/2022\/11\/IMG_20221119_155313-01-169x300.jpeg 169w, https:\/\/glazbena.hr\/wp-content\/uploads\/2022\/11\/IMG_20221119_155313-01-577x1024.jpeg 577w, https:\/\/glazbena.hr\/wp-content\/uploads\/2022\/11\/IMG_20221119_155313-01-768x1364.jpeg 768w, https:\/\/glazbena.hr\/wp-content\/uploads\/2022\/11\/IMG_20221119_155313-01-865x1536.jpeg 865w, https:\/\/glazbena.hr\/wp-content\/uploads\/2022\/11\/IMG_20221119_155313-01-1153x2048.jpeg 1153w, https:\/\/glazbena.hr\/wp-content\/uploads\/2022\/11\/IMG_20221119_155313-01-scaled.jpeg 1441w\" sizes=\"auto, (max-width: 169px) 100vw, 169px\" \/><\/a> <a href=\"https:\/\/glazbena.hr\/wp-content\/uploads\/2022\/11\/1669066725847-scaled.jpg\" target=\"_blank\" rel=\"noopener\"><img loading=\"lazy\" decoding=\"async\" class=\"alignnone wp-image-22105 size-medium\" src=\"https:\/\/glazbena.hr\/wp-content\/uploads\/2022\/11\/1669066725847-300x169.jpg\" alt=\"\" width=\"300\" height=\"169\" srcset=\"https:\/\/glazbena.hr\/wp-content\/uploads\/2022\/11\/1669066725847-300x169.jpg 300w, https:\/\/glazbena.hr\/wp-content\/uploads\/2022\/11\/1669066725847-1024x577.jpg 1024w, https:\/\/glazbena.hr\/wp-content\/uploads\/2022\/11\/1669066725847-768x432.jpg 768w, https:\/\/glazbena.hr\/wp-content\/uploads\/2022\/11\/1669066725847-1536x865.jpg 1536w, https:\/\/glazbena.hr\/wp-content\/uploads\/2022\/11\/1669066725847-2048x1153.jpg 2048w\" sizes=\"auto, (max-width: 300px) 100vw, 300px\" \/>\u00a0 <\/a><a href=\"https:\/\/glazbena.hr\/wp-content\/uploads\/2022\/11\/IMG_20221119_201808-scaled.jpg\" target=\"_blank\" rel=\"noopener\"><img loading=\"lazy\" decoding=\"async\" class=\"alignnone wp-image-22112 size-medium\" src=\"https:\/\/glazbena.hr\/wp-content\/uploads\/2022\/11\/IMG_20221119_201808-300x169.jpg\" alt=\"\" width=\"300\" height=\"169\" srcset=\"https:\/\/glazbena.hr\/wp-content\/uploads\/2022\/11\/IMG_20221119_201808-300x169.jpg 300w, https:\/\/glazbena.hr\/wp-content\/uploads\/2022\/11\/IMG_20221119_201808-1024x577.jpg 1024w, https:\/\/glazbena.hr\/wp-content\/uploads\/2022\/11\/IMG_20221119_201808-768x432.jpg 768w, https:\/\/glazbena.hr\/wp-content\/uploads\/2022\/11\/IMG_20221119_201808-1536x865.jpg 1536w, https:\/\/glazbena.hr\/wp-content\/uploads\/2022\/11\/IMG_20221119_201808-2048x1153.jpg 2048w\" sizes=\"auto, (max-width: 300px) 100vw, 300px\" \/><\/a><\/p>\n","protected":false},"excerpt":{"rendered":"<p>YMTE (Young Music Talents in Europe) je \u010dlanska udruga za specijalizirane \u0161kole u okviru srednjo\u0161kolskog glazbenog obrazovanja koje pru\u017eaju visoku razinu predfakultetskog glazbenog obrazovanja do razine prikladne za ulazak u visoko\u0161kolsko glazbeno obrazovanje. YMTE ima za cilj posti\u0107i svoje ciljeve putem: \u2013 isticanje va\u017enosti kombiniranog kurikuluma koji uklju\u010duje glazbene i akademske studije vezane uz pripremu [&hellip;]<\/p>\n","protected":false},"author":5,"featured_media":0,"comment_status":"closed","ping_status":"closed","sticky":false,"template":"","format":"standard","meta":{"footnotes":""},"categories":[70,83],"tags":[],"class_list":["post-22099","post","type-post","status-publish","format-standard","hentry","category-aktivnosti","category-erasmus-plus"],"translation":{"provider":"WPGlobus","version":"3.0.0","language":"gb","enabled_languages":["hr","gb"],"languages":{"hr":{"title":true,"content":true,"excerpt":false},"gb":{"title":false,"content":false,"excerpt":false}}},"_links":{"self":[{"href":"https:\/\/glazbena.hr\/gb\/wp-json\/wp\/v2\/posts\/22099","targetHints":{"allow":["GET"]}}],"collection":[{"href":"https:\/\/glazbena.hr\/gb\/wp-json\/wp\/v2\/posts"}],"about":[{"href":"https:\/\/glazbena.hr\/gb\/wp-json\/wp\/v2\/types\/post"}],"author":[{"embeddable":true,"href":"https:\/\/glazbena.hr\/gb\/wp-json\/wp\/v2\/users\/5"}],"replies":[{"embeddable":true,"href":"https:\/\/glazbena.hr\/gb\/wp-json\/wp\/v2\/comments?post=22099"}],"version-history":[{"count":4,"href":"https:\/\/glazbena.hr\/gb\/wp-json\/wp\/v2\/posts\/22099\/revisions"}],"predecessor-version":[{"id":22119,"href":"https:\/\/glazbena.hr\/gb\/wp-json\/wp\/v2\/posts\/22099\/revisions\/22119"}],"wp:attachment":[{"href":"https:\/\/glazbena.hr\/gb\/wp-json\/wp\/v2\/media?parent=22099"}],"wp:term":[{"taxonomy":"category","embeddable":true,"href":"https:\/\/glazbena.hr\/gb\/wp-json\/wp\/v2\/categories?post=22099"},{"taxonomy":"post_tag","embeddable":true,"href":"https:\/\/glazbena.hr\/gb\/wp-json\/wp\/v2\/tags?post=22099"}],"curies":[{"name":"wp","href":"https:\/\/api.w.org\/{rel}","templated":true}]}}