{"id":22331,"date":"2022-12-14T11:44:36","date_gmt":"2022-12-14T09:44:36","guid":{"rendered":"https:\/\/glazbena.hr\/?p=22331"},"modified":"2023-02-05T20:23:16","modified_gmt":"2023-02-05T18:23:16","slug":"05-vilin-konjic","status":"publish","type":"post","link":"https:\/\/glazbena.hr\/gb\/pocetnica-za-violinu\/05-vilin-konjic\/","title":{"rendered":"05. VILIN KONJIC"},"content":{"rendered":"<p><!--[if lt IE 9]><script>document.createElement('audio');<\/script><![endif]-->\n<audio class=\"wp-audio-shortcode\" id=\"audio-22331-1\" preload=\"none\" style=\"width: 100%;\" controls=\"controls\"><source type=\"audio\/mpeg\" src=\"https:\/\/glazbena.hr\/wp-content\/uploads\/2022\/12\/05-0-vilin-konjic.mp3?_=1\" \/><a href=\"https:\/\/glazbena.hr\/wp-content\/uploads\/2022\/12\/05-0-vilin-konjic.mp3\">https:\/\/glazbena.hr\/wp-content\/uploads\/2022\/12\/05-0-vilin-konjic.mp3<\/a><\/audio><audio class=\"wp-audio-shortcode\" id=\"audio-22331-2\" preload=\"none\" style=\"width: 100%;\" controls=\"controls\"><source type=\"audio\/mpeg\" src=\"https:\/\/glazbena.hr\/wp-content\/uploads\/2022\/12\/05-1-vilin-konjic.mp3?_=2\" \/><a href=\"https:\/\/glazbena.hr\/wp-content\/uploads\/2022\/12\/05-1-vilin-konjic.mp3\">https:\/\/glazbena.hr\/wp-content\/uploads\/2022\/12\/05-1-vilin-konjic.mp3<\/a><\/audio><audio class=\"wp-audio-shortcode\" id=\"audio-22331-3\" preload=\"none\" style=\"width: 100%;\" controls=\"controls\"><source type=\"audio\/mpeg\" src=\"https:\/\/glazbena.hr\/wp-content\/uploads\/2022\/12\/05-2-vilin-konjic.mp3?_=3\" \/><a href=\"https:\/\/glazbena.hr\/wp-content\/uploads\/2022\/12\/05-2-vilin-konjic.mp3\">https:\/\/glazbena.hr\/wp-content\/uploads\/2022\/12\/05-2-vilin-konjic.mp3<\/a><\/audio><audio class=\"wp-audio-shortcode\" id=\"audio-22331-4\" preload=\"none\" style=\"width: 100%;\" controls=\"controls\"><source type=\"audio\/mpeg\" src=\"https:\/\/glazbena.hr\/wp-content\/uploads\/2022\/12\/05-3-vilin-konjic.mp3?_=4\" \/><a href=\"https:\/\/glazbena.hr\/wp-content\/uploads\/2022\/12\/05-3-vilin-konjic.mp3\">https:\/\/glazbena.hr\/wp-content\/uploads\/2022\/12\/05-3-vilin-konjic.mp3<\/a><\/audio><audio class=\"wp-audio-shortcode\" id=\"audio-22331-5\" preload=\"none\" style=\"width: 100%;\" controls=\"controls\"><source type=\"audio\/mpeg\" src=\"https:\/\/glazbena.hr\/wp-content\/uploads\/2022\/12\/05-4-vilin-konjic.mp3?_=5\" \/><a href=\"https:\/\/glazbena.hr\/wp-content\/uploads\/2022\/12\/05-4-vilin-konjic.mp3\">https:\/\/glazbena.hr\/wp-content\/uploads\/2022\/12\/05-4-vilin-konjic.mp3<\/a><\/audio><\/p>\n<p><img loading=\"lazy\" decoding=\"async\" class=\"alignright wp-image-22319 size-full\" src=\"https:\/\/glazbena.hr\/wp-content\/uploads\/2022\/12\/5-Vilin-konjic.png\" alt=\"\" width=\"400\" height=\"284\" srcset=\"https:\/\/glazbena.hr\/wp-content\/uploads\/2022\/12\/5-Vilin-konjic.png 400w, https:\/\/glazbena.hr\/wp-content\/uploads\/2022\/12\/5-Vilin-konjic-300x213.png 300w\" sizes=\"auto, (max-width: 400px) 100vw, 400px\" \/><\/p>\n<p>Vilin konjic<br \/>\nHitro lije\u0107e<br \/>\nIznad rijeke<br \/>\nKoja te\u010de&#8230;<br \/>\nSunce pe\u010de<br \/>\nS neba<br \/>\nPlava &#8211;<br \/>\nU vodi se ogledava&#8230;<br \/>\nVilin konjic<br \/>\nKrila<br \/>\n\u0160iri,<br \/>\nA iz vode<br \/>\nLopo\u010d viri.<br \/>\nTrska \u0161umi,<br \/>\nPa ga zove &#8211;<br \/>\nOblaci na<br \/>\nIstok plove&#8230;<br \/>\nA kad sunce<br \/>\nGlavu sagne<br \/>\nI kad vrba<br \/>\nSjenku<br \/>\nNagne,<br \/>\nOde konjic<br \/>\nPreko rijeke &#8211;<br \/>\nDa donese<br \/>\nSan za zeke&#8230;<\/p>\n<p><a href=\"https:\/\/glazbena.hr\/wp-login.php?action=logout\">Logout<\/a><\/p>\n","protected":false},"excerpt":{"rendered":"<p>Vilin konjic Hitro lije\u0107e Iznad rijeke Koja te\u010de&#8230; Sunce pe\u010de S neba Plava &#8211; U vodi se ogledava&#8230; Vilin konjic Krila \u0160iri, A iz vode Lopo\u010d viri. Trska \u0161umi, Pa ga zove &#8211; Oblaci na Istok plove&#8230; A kad sunce Glavu sagne I kad vrba Sjenku Nagne, Ode konjic Preko rijeke &#8211; Da donese San [&hellip;]<\/p>\n","protected":false},"author":5,"featured_media":0,"comment_status":"closed","ping_status":"closed","sticky":false,"template":"","format":"standard","meta":{"footnotes":""},"categories":[427],"tags":[],"class_list":["post-22331","post","type-post","status-publish","format-standard","hentry","category-pocetnica-za-violinu"],"translation":{"provider":"WPGlobus","version":"3.0.0","language":"gb","enabled_languages":["hr","gb"],"languages":{"hr":{"title":true,"content":true,"excerpt":false},"gb":{"title":false,"content":false,"excerpt":false}}},"_links":{"self":[{"href":"https:\/\/glazbena.hr\/gb\/wp-json\/wp\/v2\/posts\/22331","targetHints":{"allow":["GET"]}}],"collection":[{"href":"https:\/\/glazbena.hr\/gb\/wp-json\/wp\/v2\/posts"}],"about":[{"href":"https:\/\/glazbena.hr\/gb\/wp-json\/wp\/v2\/types\/post"}],"author":[{"embeddable":true,"href":"https:\/\/glazbena.hr\/gb\/wp-json\/wp\/v2\/users\/5"}],"replies":[{"embeddable":true,"href":"https:\/\/glazbena.hr\/gb\/wp-json\/wp\/v2\/comments?post=22331"}],"version-history":[{"count":4,"href":"https:\/\/glazbena.hr\/gb\/wp-json\/wp\/v2\/posts\/22331\/revisions"}],"predecessor-version":[{"id":23494,"href":"https:\/\/glazbena.hr\/gb\/wp-json\/wp\/v2\/posts\/22331\/revisions\/23494"}],"wp:attachment":[{"href":"https:\/\/glazbena.hr\/gb\/wp-json\/wp\/v2\/media?parent=22331"}],"wp:term":[{"taxonomy":"category","embeddable":true,"href":"https:\/\/glazbena.hr\/gb\/wp-json\/wp\/v2\/categories?post=22331"},{"taxonomy":"post_tag","embeddable":true,"href":"https:\/\/glazbena.hr\/gb\/wp-json\/wp\/v2\/tags?post=22331"}],"curies":[{"name":"wp","href":"https:\/\/api.w.org\/{rel}","templated":true}]}}