{"id":22615,"date":"2022-12-16T14:10:25","date_gmt":"2022-12-16T12:10:25","guid":{"rendered":"https:\/\/glazbena.hr\/?p=22615"},"modified":"2023-02-05T20:33:28","modified_gmt":"2023-02-05T18:33:28","slug":"35-crtic","status":"publish","type":"post","link":"https:\/\/glazbena.hr\/gb\/pocetnica-za-violinu\/35-crtic\/","title":{"rendered":"35. CRTI\u0106"},"content":{"rendered":"<!--[if lt IE 9]><script>document.createElement('audio');<\/script><![endif]-->\n<audio class=\"wp-audio-shortcode\" id=\"audio-22615-1\" preload=\"none\" style=\"width: 100%;\" controls=\"controls\"><source type=\"audio\/mpeg\" src=\"https:\/\/glazbena.hr\/wp-content\/uploads\/2022\/12\/35-crtic.mp3?_=1\" \/><a href=\"https:\/\/glazbena.hr\/wp-content\/uploads\/2022\/12\/35-crtic.mp3\">https:\/\/glazbena.hr\/wp-content\/uploads\/2022\/12\/35-crtic.mp3<\/a><\/audio>\n<p><img loading=\"lazy\" decoding=\"async\" class=\"alignright wp-image-22463 size-full\" src=\"https:\/\/glazbena.hr\/wp-content\/uploads\/2022\/12\/35-Crtic.png\" alt=\"\" width=\"400\" height=\"321\" srcset=\"https:\/\/glazbena.hr\/wp-content\/uploads\/2022\/12\/35-Crtic.png 400w, https:\/\/glazbena.hr\/wp-content\/uploads\/2022\/12\/35-Crtic-300x241.png 300w\" sizes=\"auto, (max-width: 400px) 100vw, 400px\" \/><\/p>\n<p>Jedan pti\u0107<br \/>\nSe sjeti,<br \/>\npa u crti\u0107<br \/>\nSleti.<br \/>\nU crti\u0107u vrti\u0107 bio,<br \/>\nPti\u0107<br \/>\nU vrti\u0107<br \/>\ndoletio.<br \/>\nNa tre\u0161njinu granu sjeo,<br \/>\nPa crvene tre\u0161nje jeo.<br \/>\nZadovoljan zbog tog bio,<br \/>\nKljuni\u0107 mu se rumenio&#8230;<br \/>\nAli uto eto psi\u0107a,<br \/>\nLjutog psi\u0107a<br \/>\nIz crti\u0107a&#8230;<br \/>\nZagrmio<br \/>\nPu\u0161kom \u010di\u010da<br \/>\n\u010ci\u010da \u2013 Mi\u010da iz crti\u0107a.<br \/>\nPti\u0107 ispusti ljuti kri\u010d,<br \/>\nS grane sleti,<br \/>\nPa odleti!<br \/>\nIza pti\u0107a<br \/>\nNesta psi\u0107a,<br \/>\nA za njima ode \u010di\u010da.<br \/>\nSvi odo\u0161e iz vrti\u0107a,<br \/>\nPa je ovdje &#8211;<br \/>\nKraj crti\u0107a.<\/p>\n<p><a href=\"https:\/\/glazbena.hr\/wp-login.php?action=logout\">Logout<\/a><\/p>\n","protected":false},"excerpt":{"rendered":"<p>Jedan pti\u0107 Se sjeti, pa u crti\u0107 Sleti. U crti\u0107u vrti\u0107 bio, Pti\u0107 U vrti\u0107 doletio. Na tre\u0161njinu granu sjeo, Pa crvene tre\u0161nje jeo. Zadovoljan zbog tog bio, Kljuni\u0107 mu se rumenio&#8230; Ali uto eto psi\u0107a, Ljutog psi\u0107a Iz crti\u0107a&#8230; Zagrmio Pu\u0161kom \u010di\u010da \u010ci\u010da \u2013 Mi\u010da iz crti\u0107a. Pti\u0107 ispusti ljuti kri\u010d, S grane sleti, [&hellip;]<\/p>\n","protected":false},"author":5,"featured_media":0,"comment_status":"closed","ping_status":"closed","sticky":false,"template":"","format":"standard","meta":{"footnotes":""},"categories":[427],"tags":[],"class_list":["post-22615","post","type-post","status-publish","format-standard","hentry","category-pocetnica-za-violinu"],"translation":{"provider":"WPGlobus","version":"3.0.0","language":"gb","enabled_languages":["hr","gb"],"languages":{"hr":{"title":true,"content":true,"excerpt":false},"gb":{"title":false,"content":false,"excerpt":false}}},"_links":{"self":[{"href":"https:\/\/glazbena.hr\/gb\/wp-json\/wp\/v2\/posts\/22615","targetHints":{"allow":["GET"]}}],"collection":[{"href":"https:\/\/glazbena.hr\/gb\/wp-json\/wp\/v2\/posts"}],"about":[{"href":"https:\/\/glazbena.hr\/gb\/wp-json\/wp\/v2\/types\/post"}],"author":[{"embeddable":true,"href":"https:\/\/glazbena.hr\/gb\/wp-json\/wp\/v2\/users\/5"}],"replies":[{"embeddable":true,"href":"https:\/\/glazbena.hr\/gb\/wp-json\/wp\/v2\/comments?post=22615"}],"version-history":[{"count":5,"href":"https:\/\/glazbena.hr\/gb\/wp-json\/wp\/v2\/posts\/22615\/revisions"}],"predecessor-version":[{"id":23355,"href":"https:\/\/glazbena.hr\/gb\/wp-json\/wp\/v2\/posts\/22615\/revisions\/23355"}],"wp:attachment":[{"href":"https:\/\/glazbena.hr\/gb\/wp-json\/wp\/v2\/media?parent=22615"}],"wp:term":[{"taxonomy":"category","embeddable":true,"href":"https:\/\/glazbena.hr\/gb\/wp-json\/wp\/v2\/categories?post=22615"},{"taxonomy":"post_tag","embeddable":true,"href":"https:\/\/glazbena.hr\/gb\/wp-json\/wp\/v2\/tags?post=22615"}],"curies":[{"name":"wp","href":"https:\/\/api.w.org\/{rel}","templated":true}]}}