{"id":22774,"date":"2022-12-20T14:16:04","date_gmt":"2022-12-20T12:16:04","guid":{"rendered":"https:\/\/glazbena.hr\/?p=22774"},"modified":"2023-02-07T14:20:19","modified_gmt":"2023-02-07T12:20:19","slug":"68-nad-vodom","status":"publish","type":"post","link":"https:\/\/glazbena.hr\/gb\/pocetnica-za-violinu\/68-nad-vodom\/","title":{"rendered":"64. NAD VODOM"},"content":{"rendered":"<!--[if lt IE 9]><script>document.createElement('audio');<\/script><![endif]-->\n<audio class=\"wp-audio-shortcode\" id=\"audio-22774-1\" preload=\"none\" style=\"width: 100%;\" controls=\"controls\"><source type=\"audio\/mpeg\" src=\"https:\/\/glazbena.hr\/wp-content\/uploads\/2022\/12\/64-nad-vodom.mp3?_=1\" \/><a href=\"https:\/\/glazbena.hr\/wp-content\/uploads\/2022\/12\/64-nad-vodom.mp3\">https:\/\/glazbena.hr\/wp-content\/uploads\/2022\/12\/64-nad-vodom.mp3<\/a><\/audio>\n<p><img loading=\"lazy\" decoding=\"async\" class=\"alignright wp-image-23522 size-full\" src=\"https:\/\/glazbena.hr\/wp-content\/uploads\/2022\/12\/68-Proljetna-setnja-1.png\" alt=\"\" width=\"400\" height=\"420\" srcset=\"https:\/\/glazbena.hr\/wp-content\/uploads\/2022\/12\/68-Proljetna-setnja-1.png 400w, https:\/\/glazbena.hr\/wp-content\/uploads\/2022\/12\/68-Proljetna-setnja-1-286x300.png 286w\" sizes=\"auto, (max-width: 400px) 100vw, 400px\" \/><\/p>\n<p>Uskom stazom<br \/>\nKoja poljem<br \/>\nVodi,<br \/>\nSti\u0107i \u0107e\u0161 k<br \/>\nVodi.<br \/>\nUz vodu vrba<br \/>\n\u0160apu\u0107e<br \/>\nPri\u010de<br \/>\nI pu\u017e se s ku\u0107om<br \/>\nMi\u010de.<br \/>\nNad vodom \u0161umi<br \/>\nI \u0161u\u0161ti<br \/>\nTrska<br \/>\nI gnijezdo trstenjak<br \/>\nPlete,<br \/>\nNad vodom<br \/>\nVilin konjic<br \/>\nLebdi<br \/>\nI divlje patke lete.<br \/>\nJasno se vidi sjenka u vodi:<br \/>\nVrbovu granu<br \/>\nRuka sije\u010de.<br \/>\n&#8211; Bit \u0107e to prva<br \/>\nProljetna frula &#8211;<br \/>\nNad sjenkom svojom<br \/>\nDje\u010dak re\u010de&#8230;<\/p>\n<p><a href=\"https:\/\/glazbena.hr\/wp-login.php?action=logout\">Logout<\/a><\/p>\n","protected":false},"excerpt":{"rendered":"<p>Uskom stazom Koja poljem Vodi, Sti\u0107i \u0107e\u0161 k Vodi. Uz vodu vrba \u0160apu\u0107e Pri\u010de I pu\u017e se s ku\u0107om Mi\u010de. Nad vodom \u0161umi I \u0161u\u0161ti Trska I gnijezdo trstenjak Plete, Nad vodom Vilin konjic Lebdi I divlje patke lete. Jasno se vidi sjenka u vodi: Vrbovu granu Ruka sije\u010de. &#8211; Bit \u0107e to prva Proljetna [&hellip;]<\/p>\n","protected":false},"author":5,"featured_media":0,"comment_status":"closed","ping_status":"closed","sticky":false,"template":"","format":"standard","meta":{"footnotes":""},"categories":[427],"tags":[],"class_list":["post-22774","post","type-post","status-publish","format-standard","hentry","category-pocetnica-za-violinu"],"translation":{"provider":"WPGlobus","version":"3.0.0","language":"gb","enabled_languages":["hr","gb"],"languages":{"hr":{"title":true,"content":true,"excerpt":false},"gb":{"title":false,"content":false,"excerpt":false}}},"_links":{"self":[{"href":"https:\/\/glazbena.hr\/gb\/wp-json\/wp\/v2\/posts\/22774","targetHints":{"allow":["GET"]}}],"collection":[{"href":"https:\/\/glazbena.hr\/gb\/wp-json\/wp\/v2\/posts"}],"about":[{"href":"https:\/\/glazbena.hr\/gb\/wp-json\/wp\/v2\/types\/post"}],"author":[{"embeddable":true,"href":"https:\/\/glazbena.hr\/gb\/wp-json\/wp\/v2\/users\/5"}],"replies":[{"embeddable":true,"href":"https:\/\/glazbena.hr\/gb\/wp-json\/wp\/v2\/comments?post=22774"}],"version-history":[{"count":6,"href":"https:\/\/glazbena.hr\/gb\/wp-json\/wp\/v2\/posts\/22774\/revisions"}],"predecessor-version":[{"id":23521,"href":"https:\/\/glazbena.hr\/gb\/wp-json\/wp\/v2\/posts\/22774\/revisions\/23521"}],"wp:attachment":[{"href":"https:\/\/glazbena.hr\/gb\/wp-json\/wp\/v2\/media?parent=22774"}],"wp:term":[{"taxonomy":"category","embeddable":true,"href":"https:\/\/glazbena.hr\/gb\/wp-json\/wp\/v2\/categories?post=22774"},{"taxonomy":"post_tag","embeddable":true,"href":"https:\/\/glazbena.hr\/gb\/wp-json\/wp\/v2\/tags?post=22774"}],"curies":[{"name":"wp","href":"https:\/\/api.w.org\/{rel}","templated":true}]}}