{"id":22820,"date":"2022-12-23T12:27:09","date_gmt":"2022-12-23T10:27:09","guid":{"rendered":"https:\/\/glazbena.hr\/?p=22820"},"modified":"2023-02-05T20:59:08","modified_gmt":"2023-02-05T18:59:08","slug":"72-sunce-pastir","status":"publish","type":"post","link":"https:\/\/glazbena.hr\/gb\/pocetnica-za-violinu\/72-sunce-pastir\/","title":{"rendered":"72. SUNCE PASTIR"},"content":{"rendered":"<!--[if lt IE 9]><script>document.createElement('audio');<\/script><![endif]-->\n<audio class=\"wp-audio-shortcode\" id=\"audio-22820-1\" preload=\"none\" style=\"width: 100%;\" controls=\"controls\"><source type=\"audio\/mpeg\" src=\"https:\/\/glazbena.hr\/wp-content\/uploads\/2022\/12\/72-sunce-pastir.mp3?_=1\" \/><a href=\"https:\/\/glazbena.hr\/wp-content\/uploads\/2022\/12\/72-sunce-pastir.mp3\">https:\/\/glazbena.hr\/wp-content\/uploads\/2022\/12\/72-sunce-pastir.mp3<\/a><\/audio>\n<p><img loading=\"lazy\" decoding=\"async\" class=\"alignright wp-image-22500 size-full\" src=\"https:\/\/glazbena.hr\/wp-content\/uploads\/2022\/12\/72-Sunce-pastir.png\" alt=\"\" width=\"400\" height=\"534\" srcset=\"https:\/\/glazbena.hr\/wp-content\/uploads\/2022\/12\/72-Sunce-pastir.png 400w, https:\/\/glazbena.hr\/wp-content\/uploads\/2022\/12\/72-Sunce-pastir-225x300.png 225w\" sizes=\"auto, (max-width: 400px) 100vw, 400px\" \/><\/p>\n<p>Na poljani plavoj,<br \/>\nNa nebeskoj<br \/>\nPa\u0161i,<br \/>\nVjetar suncu danas<br \/>\nBijelo stado<br \/>\nPla\u0161i.<br \/>\nZlatokosi pastir<br \/>\nMirno stado<br \/>\nBroji,<br \/>\nS kabanicom sjajnom<br \/>\nUsred polja<br \/>\nStoji.<br \/>\nNaduo se vjetar,<br \/>\nZa\u0161u\u0161ti iz<br \/>\nGranja:<br \/>\n&#8211; Ukrast \u0107u ti ovce<br \/>\nSa tvoga<br \/>\nImanja!<br \/>\n&#8230;I dok vjetar tako<br \/>\nIz \u0161umice<br \/>\nDuva,<br \/>\nSrebroruno stado<br \/>\nPastir sunce<br \/>\n\u010cuva&#8230;<\/p>\n<p><a href=\"https:\/\/glazbena.hr\/wp-login.php?action=logout\">Logout<\/a><\/p>\n","protected":false},"excerpt":{"rendered":"<p>Na poljani plavoj, Na nebeskoj Pa\u0161i, Vjetar suncu danas Bijelo stado Pla\u0161i. Zlatokosi pastir Mirno stado Broji, S kabanicom sjajnom Usred polja Stoji. Naduo se vjetar, Za\u0161u\u0161ti iz Granja: &#8211; Ukrast \u0107u ti ovce Sa tvoga Imanja! &#8230;I dok vjetar tako Iz \u0161umice Duva, Srebroruno stado Pastir sunce \u010cuva&#8230; Logout<\/p>\n","protected":false},"author":5,"featured_media":0,"comment_status":"closed","ping_status":"closed","sticky":false,"template":"","format":"standard","meta":{"footnotes":""},"categories":[427],"tags":[],"class_list":["post-22820","post","type-post","status-publish","format-standard","hentry","category-pocetnica-za-violinu"],"translation":{"provider":"WPGlobus","version":"3.0.0","language":"gb","enabled_languages":["hr","gb"],"languages":{"hr":{"title":true,"content":true,"excerpt":false},"gb":{"title":false,"content":false,"excerpt":false}}},"_links":{"self":[{"href":"https:\/\/glazbena.hr\/gb\/wp-json\/wp\/v2\/posts\/22820","targetHints":{"allow":["GET"]}}],"collection":[{"href":"https:\/\/glazbena.hr\/gb\/wp-json\/wp\/v2\/posts"}],"about":[{"href":"https:\/\/glazbena.hr\/gb\/wp-json\/wp\/v2\/types\/post"}],"author":[{"embeddable":true,"href":"https:\/\/glazbena.hr\/gb\/wp-json\/wp\/v2\/users\/5"}],"replies":[{"embeddable":true,"href":"https:\/\/glazbena.hr\/gb\/wp-json\/wp\/v2\/comments?post=22820"}],"version-history":[{"count":7,"href":"https:\/\/glazbena.hr\/gb\/wp-json\/wp\/v2\/posts\/22820\/revisions"}],"predecessor-version":[{"id":23467,"href":"https:\/\/glazbena.hr\/gb\/wp-json\/wp\/v2\/posts\/22820\/revisions\/23467"}],"wp:attachment":[{"href":"https:\/\/glazbena.hr\/gb\/wp-json\/wp\/v2\/media?parent=22820"}],"wp:term":[{"taxonomy":"category","embeddable":true,"href":"https:\/\/glazbena.hr\/gb\/wp-json\/wp\/v2\/categories?post=22820"},{"taxonomy":"post_tag","embeddable":true,"href":"https:\/\/glazbena.hr\/gb\/wp-json\/wp\/v2\/tags?post=22820"}],"curies":[{"name":"wp","href":"https:\/\/api.w.org\/{rel}","templated":true}]}}