{"id":22913,"date":"2022-12-28T10:44:25","date_gmt":"2022-12-28T08:44:25","guid":{"rendered":"https:\/\/glazbena.hr\/?p=22913"},"modified":"2022-12-28T18:49:25","modified_gmt":"2022-12-28T16:49:25","slug":"fantastican-kraj-za-novi-pocetak-glazbene-skole-u-varazdinu","status":"publish","type":"post","link":"https:\/\/glazbena.hr\/gb\/events\/fantastican-kraj-za-novi-pocetak-glazbene-skole-u-varazdinu\/","title":{"rendered":"Fantasti\u010dan kraj za novi po\u010detak Glazbene \u0161kole u Vara\u017edinu"},"content":{"rendered":"<p>U utorak, 27. prosinca 2022. odr\u017eano je sve\u010dano uru\u010divanje Ugovora o dodjeli bespovratnih sredstava za projekt \u201eDogradnja i energetska obnova Glazbene \u0161kole u Vara\u017edinu\u201c. Ministarstvo regionalnoga razvoja i fondova Europske unije \u0107e sukladno ugovoru dodijeliti Glazbnoj \u0161koli u Vara\u017edinu 252.541,43\u20ac za izradu projektno \u2013 tehni\u010dke dokumentacije za dogradnju i energetsku obnovu \u0160kole. Projekt \u0107e rezultirati dokumentacijom kojom bi se raspolo\u017eiv prostor dogradio za cca. 3.880m2 \u010dime bi se ukupan raspolo\u017eiv prostor \u0160kole pove\u0107ao na ukupno 6.690m2 \u2013 \u0161to predstavlja pove\u0107anje od 58% prostornih kapaciteta Glazbene \u0161kole u Vara\u017edinu. Va\u017eno je naglasiti da \u0107e energetska obnova postoje\u0107ih prostorija \u0160kole obuhva\u0107ati pove\u0107anje energetske u\u010dinkovitosti koja \u0107e direktno utjecati na unaprje\u0111enje mikroklime \u0161to \u0107e nadasve doprinijeti pove\u0107anju kvalitete nastavnog procesa.<br \/>\nMinistrica Nata\u0161a Trami\u0161ak sve\u010dano je uru\u010dila Ugovor ravnatelju Davoru Mata\u010di\u0107u u prisustvu predsjednika Vlade Andreja Plenkovi\u0107a, a sve\u010danosti je prisustvovao i \u017eupan Vara\u017edinske \u017eupanije An\u0111elko Stri\u010dak. Potpora Vara\u017edinske \u017eupanije u realizaciji ovog projekta bit \u0107e neprocjenjiva, a Glazbena \u0161kola u Vara\u017edinu se u ovoj sve\u010danoj prilici zahvaljuje svima koji su intenzivno radili na procesima radionica, participativnom planiranju te izradi izuzetno opse\u017ene natje\u010dajne dokumentacije.<\/p>\n<p>&nbsp;<\/p>\n<p><img loading=\"lazy\" decoding=\"async\" class=\"alignnone size-medium wp-image-22914\" src=\"https:\/\/glazbena.hr\/wp-content\/uploads\/2022\/12\/Razvojni-sporazum-sjever-300x225.jpg\" alt=\"\" width=\"300\" height=\"225\" srcset=\"https:\/\/glazbena.hr\/wp-content\/uploads\/2022\/12\/Razvojni-sporazum-sjever-300x225.jpg 300w, https:\/\/glazbena.hr\/wp-content\/uploads\/2022\/12\/Razvojni-sporazum-sjever-1024x769.jpg 1024w, https:\/\/glazbena.hr\/wp-content\/uploads\/2022\/12\/Razvojni-sporazum-sjever-768x577.jpg 768w, https:\/\/glazbena.hr\/wp-content\/uploads\/2022\/12\/Razvojni-sporazum-sjever-1536x1154.jpg 1536w, https:\/\/glazbena.hr\/wp-content\/uploads\/2022\/12\/Razvojni-sporazum-sjever.jpg 1800w\" sizes=\"auto, (max-width: 300px) 100vw, 300px\" \/> <img loading=\"lazy\" decoding=\"async\" class=\"alignnone size-medium wp-image-22915\" src=\"https:\/\/glazbena.hr\/wp-content\/uploads\/2022\/12\/Razvojni-sporazum-sjever-4-300x225.jpeg\" alt=\"\" width=\"300\" height=\"225\" srcset=\"https:\/\/glazbena.hr\/wp-content\/uploads\/2022\/12\/Razvojni-sporazum-sjever-4-300x225.jpeg 300w, https:\/\/glazbena.hr\/wp-content\/uploads\/2022\/12\/Razvojni-sporazum-sjever-4-768x576.jpeg 768w, https:\/\/glazbena.hr\/wp-content\/uploads\/2022\/12\/Razvojni-sporazum-sjever-4.jpeg 1024w\" sizes=\"auto, (max-width: 300px) 100vw, 300px\" \/> \u00a0<img loading=\"lazy\" decoding=\"async\" class=\"alignnone size-medium wp-image-22917\" src=\"https:\/\/glazbena.hr\/wp-content\/uploads\/2022\/12\/Razvojni-sporazum-sjever-2-300x225.jpg\" alt=\"\" width=\"300\" height=\"225\" srcset=\"https:\/\/glazbena.hr\/wp-content\/uploads\/2022\/12\/Razvojni-sporazum-sjever-2-300x225.jpg 300w, https:\/\/glazbena.hr\/wp-content\/uploads\/2022\/12\/Razvojni-sporazum-sjever-2-1024x769.jpg 1024w, https:\/\/glazbena.hr\/wp-content\/uploads\/2022\/12\/Razvojni-sporazum-sjever-2-768x577.jpg 768w, https:\/\/glazbena.hr\/wp-content\/uploads\/2022\/12\/Razvojni-sporazum-sjever-2-1536x1154.jpg 1536w, https:\/\/glazbena.hr\/wp-content\/uploads\/2022\/12\/Razvojni-sporazum-sjever-2.jpg 1800w\" sizes=\"auto, (max-width: 300px) 100vw, 300px\" \/><\/p>\n","protected":false},"excerpt":{"rendered":"<p>U utorak, 27. prosinca 2022. odr\u017eano je sve\u010dano uru\u010divanje Ugovora o dodjeli bespovratnih sredstava za projekt \u201eDogradnja i energetska obnova Glazbene \u0161kole u Vara\u017edinu\u201c. Ministarstvo regionalnoga razvoja i fondova Europske unije \u0107e sukladno ugovoru dodijeliti Glazbnoj \u0161koli u Vara\u017edinu 252.541,43\u20ac za izradu projektno \u2013 tehni\u010dke dokumentacije za dogradnju i energetsku obnovu \u0160kole. Projekt \u0107e rezultirati [&hellip;]<\/p>\n","protected":false},"author":5,"featured_media":0,"comment_status":"closed","ping_status":"closed","sticky":false,"template":"","format":"standard","meta":{"footnotes":""},"categories":[70,64],"tags":[],"class_list":["post-22913","post","type-post","status-publish","format-standard","hentry","category-aktivnosti","category-najava-dogadanja"],"translation":{"provider":"WPGlobus","version":"3.0.0","language":"gb","enabled_languages":["hr","gb"],"languages":{"hr":{"title":true,"content":true,"excerpt":false},"gb":{"title":false,"content":false,"excerpt":false}}},"_links":{"self":[{"href":"https:\/\/glazbena.hr\/gb\/wp-json\/wp\/v2\/posts\/22913","targetHints":{"allow":["GET"]}}],"collection":[{"href":"https:\/\/glazbena.hr\/gb\/wp-json\/wp\/v2\/posts"}],"about":[{"href":"https:\/\/glazbena.hr\/gb\/wp-json\/wp\/v2\/types\/post"}],"author":[{"embeddable":true,"href":"https:\/\/glazbena.hr\/gb\/wp-json\/wp\/v2\/users\/5"}],"replies":[{"embeddable":true,"href":"https:\/\/glazbena.hr\/gb\/wp-json\/wp\/v2\/comments?post=22913"}],"version-history":[{"count":2,"href":"https:\/\/glazbena.hr\/gb\/wp-json\/wp\/v2\/posts\/22913\/revisions"}],"predecessor-version":[{"id":22919,"href":"https:\/\/glazbena.hr\/gb\/wp-json\/wp\/v2\/posts\/22913\/revisions\/22919"}],"wp:attachment":[{"href":"https:\/\/glazbena.hr\/gb\/wp-json\/wp\/v2\/media?parent=22913"}],"wp:term":[{"taxonomy":"category","embeddable":true,"href":"https:\/\/glazbena.hr\/gb\/wp-json\/wp\/v2\/categories?post=22913"},{"taxonomy":"post_tag","embeddable":true,"href":"https:\/\/glazbena.hr\/gb\/wp-json\/wp\/v2\/tags?post=22913"}],"curies":[{"name":"wp","href":"https:\/\/api.w.org\/{rel}","templated":true}]}}