{"id":23581,"date":"2023-02-12T16:20:15","date_gmt":"2023-02-12T14:20:15","guid":{"rendered":"https:\/\/glazbena.hr\/?p=23581"},"modified":"2023-02-13T22:17:55","modified_gmt":"2023-02-13T20:17:55","slug":"fasnicki-koncert-ucenika-i-profesora-glazbene-skole-u-varazdinu","status":"publish","type":"post","link":"https:\/\/glazbena.hr\/gb\/events\/fasnicki-koncert-ucenika-i-profesora-glazbene-skole-u-varazdinu\/","title":{"rendered":"Fa\u0161ni\u010dki koncert u\u010denika i profesora Glazbene \u0161kole u Vara\u017edinu"},"content":{"rendered":"<p>Glazbena \u0161kola u Vara\u017edinu, ve\u0107 tradicionalno, svake godine organizira Fa\u0161ni\u010dki koncert u HNK u Vara\u017edinu. Koncert je to koji privu\u010de mnogobrojnu publiku, dapa\u010de uvijek se tra\u017ei stolica vi\u0161e. Kako posljednje dvije godine nismo bili u mogu\u0107nosti, s obzirom na tada\u0161nju situaciju, prisustvovati koncertu, vjerujemo da \u0107e koncert ove godine privu\u0107i velik broj publike.<br \/>\nFa\u0161ni\u010dki koncert u\u010denika i profesora Glazbene \u0161kole u Vara\u017edinu \u0107e se odr\u017eati u petak, 17. velja\u010de 2023. u Velikoj koncertnoj dvorani Hrvatskog narodnog kazali\u0161ta u Vara\u017edinu s po\u010detkom u 18.00 sati. Ulaz na koncert je slobodan.<\/p>\n<p><img loading=\"lazy\" decoding=\"async\" class=\"alignnone wp-image-23624 size-medium\" src=\"https:\/\/glazbena.hr\/wp-content\/uploads\/2023\/02\/Fasnicki-koncert-Glazbene-skole-u-Varazdinu-214x300.jpg\" alt=\"\" width=\"214\" height=\"300\" srcset=\"https:\/\/glazbena.hr\/wp-content\/uploads\/2023\/02\/Fasnicki-koncert-Glazbene-skole-u-Varazdinu-214x300.jpg 214w, https:\/\/glazbena.hr\/wp-content\/uploads\/2023\/02\/Fasnicki-koncert-Glazbene-skole-u-Varazdinu-731x1024.jpg 731w, https:\/\/glazbena.hr\/wp-content\/uploads\/2023\/02\/Fasnicki-koncert-Glazbene-skole-u-Varazdinu-768x1075.jpg 768w\" sizes=\"auto, (max-width: 214px) 100vw, 214px\" \/><\/p>\n","protected":false},"excerpt":{"rendered":"<p>Glazbena \u0161kola u Vara\u017edinu, ve\u0107 tradicionalno, svake godine organizira Fa\u0161ni\u010dki koncert u HNK u Vara\u017edinu. Koncert je to koji privu\u010de mnogobrojnu publiku, dapa\u010de uvijek se tra\u017ei stolica vi\u0161e. Kako posljednje dvije godine nismo bili u mogu\u0107nosti, s obzirom na tada\u0161nju situaciju, prisustvovati koncertu, vjerujemo da \u0107e koncert ove godine privu\u0107i velik broj publike. Fa\u0161ni\u010dki koncert [&hellip;]<\/p>\n","protected":false},"author":5,"featured_media":0,"comment_status":"closed","ping_status":"closed","sticky":false,"template":"","format":"standard","meta":{"footnotes":""},"categories":[64],"tags":[],"class_list":["post-23581","post","type-post","status-publish","format-standard","hentry","category-najava-dogadanja"],"translation":{"provider":"WPGlobus","version":"3.0.0","language":"gb","enabled_languages":["hr","gb"],"languages":{"hr":{"title":true,"content":true,"excerpt":false},"gb":{"title":false,"content":false,"excerpt":false}}},"_links":{"self":[{"href":"https:\/\/glazbena.hr\/gb\/wp-json\/wp\/v2\/posts\/23581","targetHints":{"allow":["GET"]}}],"collection":[{"href":"https:\/\/glazbena.hr\/gb\/wp-json\/wp\/v2\/posts"}],"about":[{"href":"https:\/\/glazbena.hr\/gb\/wp-json\/wp\/v2\/types\/post"}],"author":[{"embeddable":true,"href":"https:\/\/glazbena.hr\/gb\/wp-json\/wp\/v2\/users\/5"}],"replies":[{"embeddable":true,"href":"https:\/\/glazbena.hr\/gb\/wp-json\/wp\/v2\/comments?post=23581"}],"version-history":[{"count":3,"href":"https:\/\/glazbena.hr\/gb\/wp-json\/wp\/v2\/posts\/23581\/revisions"}],"predecessor-version":[{"id":23623,"href":"https:\/\/glazbena.hr\/gb\/wp-json\/wp\/v2\/posts\/23581\/revisions\/23623"}],"wp:attachment":[{"href":"https:\/\/glazbena.hr\/gb\/wp-json\/wp\/v2\/media?parent=23581"}],"wp:term":[{"taxonomy":"category","embeddable":true,"href":"https:\/\/glazbena.hr\/gb\/wp-json\/wp\/v2\/categories?post=23581"},{"taxonomy":"post_tag","embeddable":true,"href":"https:\/\/glazbena.hr\/gb\/wp-json\/wp\/v2\/tags?post=23581"}],"curies":[{"name":"wp","href":"https:\/\/api.w.org\/{rel}","templated":true}]}}