{"id":23589,"date":"2023-02-03T20:35:24","date_gmt":"2023-02-03T18:35:24","guid":{"rendered":"https:\/\/glazbena.hr\/?p=23589"},"modified":"2023-02-12T16:42:23","modified_gmt":"2023-02-12T14:42:23","slug":"cetvrti-koncert-projekta-pozornica-klavir-i-ja","status":"publish","type":"post","link":"https:\/\/glazbena.hr\/gb\/activity\/cetvrti-koncert-projekta-pozornica-klavir-i-ja\/","title":{"rendered":"\u010cetvrti koncert projekta \u201cPozornica, klavir i ja\u201d"},"content":{"rendered":"<p>\u010cetvrti koncert projekta \u201cPozornica, klavir i ja\u201d odr\u017ean je 25. sije\u010dnja 2023. godine u 19 sati u Velikoj koncertnoj dvorani.<\/p>\n<p>Sudjelovali su u\u010denici klavira i violine Glazbene \u0161kole u Vara\u017edinu i Podru\u010dnog odjela u Lepoglavi:<\/p>\n<p>Margareta Kranj\u010dec, 1.o., Filip Jaklin, 2.o., Noa Ostoji\u0107, 2.o., Janko Lazar, 3.o., Jan Borak, 1.s., Emanuel Kontrec, 1.s, Milan O\u0161tri\u0107, 1.s., Lucija Turk, 1.s., Maria Klari\u0107, 2.s., Lucija \u010cehok, 4.s., Laura Kane\u0161i\u0107, 4.s. i Patrik Bedekovi\u0107, 4.s.<\/p>\n<p>U\u010denike su za nastup pripremili nastavnici &#8211; Ana Pavlina Kopjar, prof. mentor, Vanja Jerkovi\u0107, prof. mentor, Lea \u0160antek, prof. savjetnik, Predrag \u0160antek, prof. savjetnik.<\/p>\n<p>Klavirski suradnici bili su nastavnici Helena Knapi\u0107, prof. mentor i Marko Bi\u0161kup, mag. mus..<\/p>\n<p><a href=\"https:\/\/glazbena.hr\/wp-content\/uploads\/2023\/02\/Cetvrti-koncert-25.01.2023.-1.pdf\" target=\"_blank\" rel=\"noopener\">\u010cetvrti koncert, 25.01.2023. &#8211; program<\/a><\/p>\n<p><img loading=\"lazy\" decoding=\"async\" class=\"alignnone size-medium wp-image-23592\" src=\"https:\/\/glazbena.hr\/wp-content\/uploads\/2023\/02\/IMG_5048-300x225.jpg\" alt=\"\" width=\"300\" height=\"225\" srcset=\"https:\/\/glazbena.hr\/wp-content\/uploads\/2023\/02\/IMG_5048-300x225.jpg 300w, https:\/\/glazbena.hr\/wp-content\/uploads\/2023\/02\/IMG_5048-1024x768.jpg 1024w, https:\/\/glazbena.hr\/wp-content\/uploads\/2023\/02\/IMG_5048-768x576.jpg 768w, https:\/\/glazbena.hr\/wp-content\/uploads\/2023\/02\/IMG_5048-1536x1152.jpg 1536w, https:\/\/glazbena.hr\/wp-content\/uploads\/2023\/02\/IMG_5048-2048x1536.jpg 2048w\" sizes=\"auto, (max-width: 300px) 100vw, 300px\" \/> <img loading=\"lazy\" decoding=\"async\" class=\"alignnone size-medium wp-image-23593\" src=\"https:\/\/glazbena.hr\/wp-content\/uploads\/2023\/02\/IMG_5023-300x225.jpg\" alt=\"\" width=\"300\" height=\"225\" srcset=\"https:\/\/glazbena.hr\/wp-content\/uploads\/2023\/02\/IMG_5023-300x225.jpg 300w, https:\/\/glazbena.hr\/wp-content\/uploads\/2023\/02\/IMG_5023-1024x768.jpg 1024w, https:\/\/glazbena.hr\/wp-content\/uploads\/2023\/02\/IMG_5023-768x576.jpg 768w, https:\/\/glazbena.hr\/wp-content\/uploads\/2023\/02\/IMG_5023-1536x1152.jpg 1536w, https:\/\/glazbena.hr\/wp-content\/uploads\/2023\/02\/IMG_5023-2048x1536.jpg 2048w\" sizes=\"auto, (max-width: 300px) 100vw, 300px\" \/> <img loading=\"lazy\" decoding=\"async\" class=\"alignnone size-medium wp-image-23594\" src=\"https:\/\/glazbena.hr\/wp-content\/uploads\/2023\/02\/IMG_5019-300x225.jpg\" alt=\"\" width=\"300\" height=\"225\" srcset=\"https:\/\/glazbena.hr\/wp-content\/uploads\/2023\/02\/IMG_5019-300x225.jpg 300w, https:\/\/glazbena.hr\/wp-content\/uploads\/2023\/02\/IMG_5019-1024x768.jpg 1024w, https:\/\/glazbena.hr\/wp-content\/uploads\/2023\/02\/IMG_5019-768x576.jpg 768w, https:\/\/glazbena.hr\/wp-content\/uploads\/2023\/02\/IMG_5019-1536x1152.jpg 1536w, https:\/\/glazbena.hr\/wp-content\/uploads\/2023\/02\/IMG_5019-2048x1536.jpg 2048w\" sizes=\"auto, (max-width: 300px) 100vw, 300px\" \/><\/p>\n<p>&nbsp;<\/p>\n","protected":false},"excerpt":{"rendered":"<p>\u010cetvrti koncert projekta \u201cPozornica, klavir i ja\u201d odr\u017ean je 25. sije\u010dnja 2023. godine u 19 sati u Velikoj koncertnoj dvorani. Sudjelovali su u\u010denici klavira i violine Glazbene \u0161kole u Vara\u017edinu i Podru\u010dnog odjela u Lepoglavi: Margareta Kranj\u010dec, 1.o., Filip Jaklin, 2.o., Noa Ostoji\u0107, 2.o., Janko Lazar, 3.o., Jan Borak, 1.s., Emanuel Kontrec, 1.s, Milan O\u0161tri\u0107, [&hellip;]<\/p>\n","protected":false},"author":5,"featured_media":0,"comment_status":"closed","ping_status":"closed","sticky":false,"template":"","format":"standard","meta":{"footnotes":""},"categories":[70],"tags":[],"class_list":["post-23589","post","type-post","status-publish","format-standard","hentry","category-aktivnosti"],"translation":{"provider":"WPGlobus","version":"3.0.0","language":"gb","enabled_languages":["hr","gb"],"languages":{"hr":{"title":true,"content":true,"excerpt":false},"gb":{"title":false,"content":false,"excerpt":false}}},"_links":{"self":[{"href":"https:\/\/glazbena.hr\/gb\/wp-json\/wp\/v2\/posts\/23589","targetHints":{"allow":["GET"]}}],"collection":[{"href":"https:\/\/glazbena.hr\/gb\/wp-json\/wp\/v2\/posts"}],"about":[{"href":"https:\/\/glazbena.hr\/gb\/wp-json\/wp\/v2\/types\/post"}],"author":[{"embeddable":true,"href":"https:\/\/glazbena.hr\/gb\/wp-json\/wp\/v2\/users\/5"}],"replies":[{"embeddable":true,"href":"https:\/\/glazbena.hr\/gb\/wp-json\/wp\/v2\/comments?post=23589"}],"version-history":[{"count":2,"href":"https:\/\/glazbena.hr\/gb\/wp-json\/wp\/v2\/posts\/23589\/revisions"}],"predecessor-version":[{"id":23597,"href":"https:\/\/glazbena.hr\/gb\/wp-json\/wp\/v2\/posts\/23589\/revisions\/23597"}],"wp:attachment":[{"href":"https:\/\/glazbena.hr\/gb\/wp-json\/wp\/v2\/media?parent=23589"}],"wp:term":[{"taxonomy":"category","embeddable":true,"href":"https:\/\/glazbena.hr\/gb\/wp-json\/wp\/v2\/categories?post=23589"},{"taxonomy":"post_tag","embeddable":true,"href":"https:\/\/glazbena.hr\/gb\/wp-json\/wp\/v2\/tags?post=23589"}],"curies":[{"name":"wp","href":"https:\/\/api.w.org\/{rel}","templated":true}]}}