{"id":23691,"date":"2023-02-18T09:13:31","date_gmt":"2023-02-18T08:13:31","guid":{"rendered":"https:\/\/glazbena.hr\/?p=23691"},"modified":"2023-02-18T09:13:31","modified_gmt":"2023-02-18T08:13:31","slug":"fasnicki-koncert-glazbene-skole-u-varazdinu","status":"publish","type":"post","link":"https:\/\/glazbena.hr\/gb\/activity\/fasnicki-koncert-glazbene-skole-u-varazdinu\/","title":{"rendered":"Fa\u0161ni\u010dki koncert Glazbene \u0161kole u Vara\u017edinu"},"content":{"rendered":"<p>I ovog se puta tra\u017eila stolica vi\u0161e na tradicionalnom Fa\u0161ni\u010dkom koncertu Glazbene \u0161kole u Vara\u017edinu. Nakon \u0161to posljednje dvije godine nisu bili u mogu\u0107nosti organizirati ovaj koncert, u\u010denici i profesori ju\u010der su u Velikoj koncertnoj dvorani HNK odu\u0161evili mnogobrojnu publiku.<br \/>\nKroz Fa\u0161ni\u010dki koncert Glazbene \u0161kole predstavilo se 200-tinjak u\u010denika- od pred\u0161kolskog zbora, zbora mla\u0111eg i starijeg uzrasta, mje\u0161ovitog zbora, pojedina\u010dnih nastupa u\u010denika osnovne i srednje Glazbene \u0161kole \u2013 klavirista, solo pjeva\u010da, violinista do kvinteta flauta i brass kvinteta. Na programu koncerta bila su djela doma\u0107ih i stranih skladatelja, a za svoj su nastup, ali i maske, mladi glazbenici nagra\u0111eni dugotrajnim glasnim pljeskom brojnih okupljenih.<\/p>\n<p><img loading=\"lazy\" decoding=\"async\" class=\"alignnone wp-image-23692 size-medium\" src=\"https:\/\/glazbena.hr\/wp-content\/uploads\/2023\/02\/Fasnicki_koncert-1-300x185.jpg\" alt=\"\" width=\"300\" height=\"185\" srcset=\"https:\/\/glazbena.hr\/wp-content\/uploads\/2023\/02\/Fasnicki_koncert-1-300x185.jpg 300w, https:\/\/glazbena.hr\/wp-content\/uploads\/2023\/02\/Fasnicki_koncert-1-1024x630.jpg 1024w, https:\/\/glazbena.hr\/wp-content\/uploads\/2023\/02\/Fasnicki_koncert-1-768x473.jpg 768w, https:\/\/glazbena.hr\/wp-content\/uploads\/2023\/02\/Fasnicki_koncert-1-1536x946.jpg 1536w, https:\/\/glazbena.hr\/wp-content\/uploads\/2023\/02\/Fasnicki_koncert-1.jpg 1600w\" sizes=\"auto, (max-width: 300px) 100vw, 300px\" \/> <img loading=\"lazy\" decoding=\"async\" class=\"alignnone wp-image-23693 size-medium\" src=\"https:\/\/glazbena.hr\/wp-content\/uploads\/2023\/02\/Fasnicki_koncert-4-300x172.jpg\" alt=\"\" width=\"300\" height=\"172\" srcset=\"https:\/\/glazbena.hr\/wp-content\/uploads\/2023\/02\/Fasnicki_koncert-4-300x172.jpg 300w, https:\/\/glazbena.hr\/wp-content\/uploads\/2023\/02\/Fasnicki_koncert-4-1024x586.jpg 1024w, https:\/\/glazbena.hr\/wp-content\/uploads\/2023\/02\/Fasnicki_koncert-4-768x440.jpg 768w, https:\/\/glazbena.hr\/wp-content\/uploads\/2023\/02\/Fasnicki_koncert-4-1536x879.jpg 1536w, https:\/\/glazbena.hr\/wp-content\/uploads\/2023\/02\/Fasnicki_koncert-4.jpg 1600w\" sizes=\"auto, (max-width: 300px) 100vw, 300px\" \/> <img loading=\"lazy\" decoding=\"async\" class=\"alignnone wp-image-23694 size-medium\" src=\"https:\/\/glazbena.hr\/wp-content\/uploads\/2023\/02\/Fasnicki_koncert-7-300x184.jpg\" alt=\"\" width=\"300\" height=\"184\" srcset=\"https:\/\/glazbena.hr\/wp-content\/uploads\/2023\/02\/Fasnicki_koncert-7-300x184.jpg 300w, https:\/\/glazbena.hr\/wp-content\/uploads\/2023\/02\/Fasnicki_koncert-7-1024x627.jpg 1024w, https:\/\/glazbena.hr\/wp-content\/uploads\/2023\/02\/Fasnicki_koncert-7-768x470.jpg 768w, https:\/\/glazbena.hr\/wp-content\/uploads\/2023\/02\/Fasnicki_koncert-7-1536x941.jpg 1536w, https:\/\/glazbena.hr\/wp-content\/uploads\/2023\/02\/Fasnicki_koncert-7.jpg 1600w\" sizes=\"auto, (max-width: 300px) 100vw, 300px\" \/><\/p>\n<p><img loading=\"lazy\" decoding=\"async\" class=\"alignnone wp-image-23695 size-medium\" src=\"https:\/\/glazbena.hr\/wp-content\/uploads\/2023\/02\/Fasnicki_koncert-13-300x185.jpg\" alt=\"\" width=\"300\" height=\"185\" srcset=\"https:\/\/glazbena.hr\/wp-content\/uploads\/2023\/02\/Fasnicki_koncert-13-300x185.jpg 300w, https:\/\/glazbena.hr\/wp-content\/uploads\/2023\/02\/Fasnicki_koncert-13-1024x630.jpg 1024w, https:\/\/glazbena.hr\/wp-content\/uploads\/2023\/02\/Fasnicki_koncert-13-768x472.jpg 768w, https:\/\/glazbena.hr\/wp-content\/uploads\/2023\/02\/Fasnicki_koncert-13-1536x945.jpg 1536w, https:\/\/glazbena.hr\/wp-content\/uploads\/2023\/02\/Fasnicki_koncert-13.jpg 1600w\" sizes=\"auto, (max-width: 300px) 100vw, 300px\" \/> <img loading=\"lazy\" decoding=\"async\" class=\"alignnone wp-image-23696 size-medium\" src=\"https:\/\/glazbena.hr\/wp-content\/uploads\/2023\/02\/Fasnicki_koncert-18-300x167.jpg\" alt=\"\" width=\"300\" height=\"167\" srcset=\"https:\/\/glazbena.hr\/wp-content\/uploads\/2023\/02\/Fasnicki_koncert-18-300x167.jpg 300w, https:\/\/glazbena.hr\/wp-content\/uploads\/2023\/02\/Fasnicki_koncert-18-1024x570.jpg 1024w, https:\/\/glazbena.hr\/wp-content\/uploads\/2023\/02\/Fasnicki_koncert-18-768x427.jpg 768w, https:\/\/glazbena.hr\/wp-content\/uploads\/2023\/02\/Fasnicki_koncert-18-1536x854.jpg 1536w, https:\/\/glazbena.hr\/wp-content\/uploads\/2023\/02\/Fasnicki_koncert-18.jpg 1600w\" sizes=\"auto, (max-width: 300px) 100vw, 300px\" \/> <img loading=\"lazy\" decoding=\"async\" class=\"alignnone wp-image-23697 size-medium\" src=\"https:\/\/glazbena.hr\/wp-content\/uploads\/2023\/02\/Fasnicki_koncert-21-300x178.jpg\" alt=\"\" width=\"300\" height=\"178\" srcset=\"https:\/\/glazbena.hr\/wp-content\/uploads\/2023\/02\/Fasnicki_koncert-21-300x178.jpg 300w, https:\/\/glazbena.hr\/wp-content\/uploads\/2023\/02\/Fasnicki_koncert-21-1024x607.jpg 1024w, https:\/\/glazbena.hr\/wp-content\/uploads\/2023\/02\/Fasnicki_koncert-21-768x456.jpg 768w, https:\/\/glazbena.hr\/wp-content\/uploads\/2023\/02\/Fasnicki_koncert-21-1536x911.jpg 1536w, https:\/\/glazbena.hr\/wp-content\/uploads\/2023\/02\/Fasnicki_koncert-21.jpg 1600w\" sizes=\"auto, (max-width: 300px) 100vw, 300px\" \/><\/p>\n<p><img loading=\"lazy\" decoding=\"async\" class=\"alignnone wp-image-23698 size-medium\" src=\"https:\/\/glazbena.hr\/wp-content\/uploads\/2023\/02\/Fasnicki_koncert-22-300x185.jpg\" alt=\"\" width=\"300\" height=\"185\" srcset=\"https:\/\/glazbena.hr\/wp-content\/uploads\/2023\/02\/Fasnicki_koncert-22-300x185.jpg 300w, https:\/\/glazbena.hr\/wp-content\/uploads\/2023\/02\/Fasnicki_koncert-22-1024x632.jpg 1024w, https:\/\/glazbena.hr\/wp-content\/uploads\/2023\/02\/Fasnicki_koncert-22-768x474.jpg 768w, https:\/\/glazbena.hr\/wp-content\/uploads\/2023\/02\/Fasnicki_koncert-22-1536x948.jpg 1536w, https:\/\/glazbena.hr\/wp-content\/uploads\/2023\/02\/Fasnicki_koncert-22.jpg 1600w\" sizes=\"auto, (max-width: 300px) 100vw, 300px\" \/> <img loading=\"lazy\" decoding=\"async\" class=\"alignnone wp-image-23699 size-medium\" src=\"https:\/\/glazbena.hr\/wp-content\/uploads\/2023\/02\/Fasnicki_koncert-29-300x173.jpg\" alt=\"\" width=\"300\" height=\"173\" srcset=\"https:\/\/glazbena.hr\/wp-content\/uploads\/2023\/02\/Fasnicki_koncert-29-300x173.jpg 300w, https:\/\/glazbena.hr\/wp-content\/uploads\/2023\/02\/Fasnicki_koncert-29-1024x589.jpg 1024w, https:\/\/glazbena.hr\/wp-content\/uploads\/2023\/02\/Fasnicki_koncert-29-768x442.jpg 768w, https:\/\/glazbena.hr\/wp-content\/uploads\/2023\/02\/Fasnicki_koncert-29-1536x883.jpg 1536w, https:\/\/glazbena.hr\/wp-content\/uploads\/2023\/02\/Fasnicki_koncert-29.jpg 1600w\" sizes=\"auto, (max-width: 300px) 100vw, 300px\" \/> <img loading=\"lazy\" decoding=\"async\" class=\"alignnone wp-image-23700 size-medium\" src=\"https:\/\/glazbena.hr\/wp-content\/uploads\/2023\/02\/Fasnicki_koncert-43-300x182.jpg\" alt=\"\" width=\"300\" height=\"182\" srcset=\"https:\/\/glazbena.hr\/wp-content\/uploads\/2023\/02\/Fasnicki_koncert-43-300x182.jpg 300w, https:\/\/glazbena.hr\/wp-content\/uploads\/2023\/02\/Fasnicki_koncert-43-1024x623.jpg 1024w, https:\/\/glazbena.hr\/wp-content\/uploads\/2023\/02\/Fasnicki_koncert-43-768x467.jpg 768w, https:\/\/glazbena.hr\/wp-content\/uploads\/2023\/02\/Fasnicki_koncert-43-1536x934.jpg 1536w, https:\/\/glazbena.hr\/wp-content\/uploads\/2023\/02\/Fasnicki_koncert-43.jpg 1600w\" sizes=\"auto, (max-width: 300px) 100vw, 300px\" \/><\/p>\n<p><img loading=\"lazy\" decoding=\"async\" class=\"alignnone wp-image-23701 size-medium\" src=\"https:\/\/glazbena.hr\/wp-content\/uploads\/2023\/02\/Fasnicki_koncert-44-300x173.jpg\" alt=\"\" width=\"300\" height=\"173\" srcset=\"https:\/\/glazbena.hr\/wp-content\/uploads\/2023\/02\/Fasnicki_koncert-44-300x173.jpg 300w, https:\/\/glazbena.hr\/wp-content\/uploads\/2023\/02\/Fasnicki_koncert-44-1024x589.jpg 1024w, https:\/\/glazbena.hr\/wp-content\/uploads\/2023\/02\/Fasnicki_koncert-44-768x442.jpg 768w, https:\/\/glazbena.hr\/wp-content\/uploads\/2023\/02\/Fasnicki_koncert-44-1536x884.jpg 1536w, https:\/\/glazbena.hr\/wp-content\/uploads\/2023\/02\/Fasnicki_koncert-44.jpg 1600w\" sizes=\"auto, (max-width: 300px) 100vw, 300px\" \/><\/p>\n<p>&nbsp;<\/p>\n","protected":false},"excerpt":{"rendered":"<p>I ovog se puta tra\u017eila stolica vi\u0161e na tradicionalnom Fa\u0161ni\u010dkom koncertu Glazbene \u0161kole u Vara\u017edinu. Nakon \u0161to posljednje dvije godine nisu bili u mogu\u0107nosti organizirati ovaj koncert, u\u010denici i profesori ju\u010der su u Velikoj koncertnoj dvorani HNK odu\u0161evili mnogobrojnu publiku. Kroz Fa\u0161ni\u010dki koncert Glazbene \u0161kole predstavilo se 200-tinjak u\u010denika- od pred\u0161kolskog zbora, zbora mla\u0111eg i [&hellip;]<\/p>\n","protected":false},"author":5,"featured_media":0,"comment_status":"closed","ping_status":"closed","sticky":false,"template":"","format":"standard","meta":{"footnotes":""},"categories":[70],"tags":[],"class_list":["post-23691","post","type-post","status-publish","format-standard","hentry","category-aktivnosti"],"translation":{"provider":"WPGlobus","version":"3.0.0","language":"gb","enabled_languages":["hr","gb"],"languages":{"hr":{"title":true,"content":true,"excerpt":false},"gb":{"title":false,"content":false,"excerpt":false}}},"_links":{"self":[{"href":"https:\/\/glazbena.hr\/gb\/wp-json\/wp\/v2\/posts\/23691","targetHints":{"allow":["GET"]}}],"collection":[{"href":"https:\/\/glazbena.hr\/gb\/wp-json\/wp\/v2\/posts"}],"about":[{"href":"https:\/\/glazbena.hr\/gb\/wp-json\/wp\/v2\/types\/post"}],"author":[{"embeddable":true,"href":"https:\/\/glazbena.hr\/gb\/wp-json\/wp\/v2\/users\/5"}],"replies":[{"embeddable":true,"href":"https:\/\/glazbena.hr\/gb\/wp-json\/wp\/v2\/comments?post=23691"}],"version-history":[{"count":2,"href":"https:\/\/glazbena.hr\/gb\/wp-json\/wp\/v2\/posts\/23691\/revisions"}],"predecessor-version":[{"id":23703,"href":"https:\/\/glazbena.hr\/gb\/wp-json\/wp\/v2\/posts\/23691\/revisions\/23703"}],"wp:attachment":[{"href":"https:\/\/glazbena.hr\/gb\/wp-json\/wp\/v2\/media?parent=23691"}],"wp:term":[{"taxonomy":"category","embeddable":true,"href":"https:\/\/glazbena.hr\/gb\/wp-json\/wp\/v2\/categories?post=23691"},{"taxonomy":"post_tag","embeddable":true,"href":"https:\/\/glazbena.hr\/gb\/wp-json\/wp\/v2\/tags?post=23691"}],"curies":[{"name":"wp","href":"https:\/\/api.w.org\/{rel}","templated":true}]}}