{"id":23714,"date":"2023-02-21T13:02:26","date_gmt":"2023-02-21T12:02:26","guid":{"rendered":"https:\/\/glazbena.hr\/?p=23714"},"modified":"2023-02-21T13:02:26","modified_gmt":"2023-02-21T12:02:26","slug":"prikupljanje-humanitarne-pomoci-za-zrtve-potresa-u-turskoj","status":"publish","type":"post","link":"https:\/\/glazbena.hr\/gb\/activity\/prikupljanje-humanitarne-pomoci-za-zrtve-potresa-u-turskoj\/","title":{"rendered":"Prikupljanje humanitarne pomo\u0107i za \u017ertve potresa u Turskoj"},"content":{"rendered":"<p>Kao \u0161to i sami znate, Tursku je pogodila katastrofa koja je ostavila brojne ljude bez domova. Veleposlanstvo Republike Turske u Republici Hrvatskoj je pokrenulo akciju prikupljanja humanitarne pomo\u0107i za sve \u017ertve potresa, a Glazbena \u0161kola u Vara\u017edinu je odlu\u010dila ustupiti im prostor dvori\u0161ne zgrade Glazbene \u0161kole u Vara\u017edinu (stara zgrada Caritasa) u kojem \u0107e se prikupljati potrep\u0161tine i donacije u razdoblju od 16. do 23. velja\u010de 2023. godine do 12.00 sati.<br \/>\nDonirane stvari trebaju biti dostavljene u \u010distim vre\u0107icama u kojima treba biti prilo\u017een i popis stvari koje su dostavljene. Popis potrep\u0161tina nalazi se u nastavku:<br \/>\nZimska odje\u0107a za djecu i odrasle, kaputi, jakne, kabanice, \u010dizme, veste, hla\u010de, rukavice, \u0161alovi, kape, \u010darape, \u0161atori \u2013 kreveti \u2013 madraci, vre\u0107e za spavanje, kataliti\u010dke plinske pe\u0107i, grijalice, termosice, baterijske svjetiljke, prijenosni punja\u010di, kutije s hranom, adaptirano dje\u010dje mlijeko i hrana, dje\u010dje pelene, sredstva za \u010di\u0161\u0107enje i higijenu.<br \/>\nDonacije za gra\u0111ane Republike Turske stradale u potresu mo\u017eete uplatiti na slu\u017ebeni ra\u010dun Veleposlanstva Republike Turske u Republici Hrvatskoj:<br \/>\nIBAN: HR3441240031199012073<br \/>\nNadamo se da \u0107ete se i vi, sukladno svojim mogu\u0107nostima, odazvati ovom pozivu Veleposlanstva Republike Turske koja je zahvalna je na svakoj iskazanoj pomo\u0107i!<\/p>\n","protected":false},"excerpt":{"rendered":"<p>Kao \u0161to i sami znate, Tursku je pogodila katastrofa koja je ostavila brojne ljude bez domova. Veleposlanstvo Republike Turske u Republici Hrvatskoj je pokrenulo akciju prikupljanja humanitarne pomo\u0107i za sve \u017ertve potresa, a Glazbena \u0161kola u Vara\u017edinu je odlu\u010dila ustupiti im prostor dvori\u0161ne zgrade Glazbene \u0161kole u Vara\u017edinu (stara zgrada Caritasa) u kojem \u0107e se [&hellip;]<\/p>\n","protected":false},"author":5,"featured_media":0,"comment_status":"closed","ping_status":"closed","sticky":false,"template":"","format":"standard","meta":{"footnotes":""},"categories":[70],"tags":[],"class_list":["post-23714","post","type-post","status-publish","format-standard","hentry","category-aktivnosti"],"translation":{"provider":"WPGlobus","version":"3.0.0","language":"gb","enabled_languages":["hr","gb"],"languages":{"hr":{"title":true,"content":true,"excerpt":false},"gb":{"title":false,"content":false,"excerpt":false}}},"_links":{"self":[{"href":"https:\/\/glazbena.hr\/gb\/wp-json\/wp\/v2\/posts\/23714","targetHints":{"allow":["GET"]}}],"collection":[{"href":"https:\/\/glazbena.hr\/gb\/wp-json\/wp\/v2\/posts"}],"about":[{"href":"https:\/\/glazbena.hr\/gb\/wp-json\/wp\/v2\/types\/post"}],"author":[{"embeddable":true,"href":"https:\/\/glazbena.hr\/gb\/wp-json\/wp\/v2\/users\/5"}],"replies":[{"embeddable":true,"href":"https:\/\/glazbena.hr\/gb\/wp-json\/wp\/v2\/comments?post=23714"}],"version-history":[{"count":2,"href":"https:\/\/glazbena.hr\/gb\/wp-json\/wp\/v2\/posts\/23714\/revisions"}],"predecessor-version":[{"id":23716,"href":"https:\/\/glazbena.hr\/gb\/wp-json\/wp\/v2\/posts\/23714\/revisions\/23716"}],"wp:attachment":[{"href":"https:\/\/glazbena.hr\/gb\/wp-json\/wp\/v2\/media?parent=23714"}],"wp:term":[{"taxonomy":"category","embeddable":true,"href":"https:\/\/glazbena.hr\/gb\/wp-json\/wp\/v2\/categories?post=23714"},{"taxonomy":"post_tag","embeddable":true,"href":"https:\/\/glazbena.hr\/gb\/wp-json\/wp\/v2\/tags?post=23714"}],"curies":[{"name":"wp","href":"https:\/\/api.w.org\/{rel}","templated":true}]}}