{"id":23879,"date":"2023-03-10T10:22:04","date_gmt":"2023-03-10T09:22:04","guid":{"rendered":"https:\/\/glazbena.hr\/?p=23879"},"modified":"2023-03-10T10:22:04","modified_gmt":"2023-03-10T09:22:04","slug":"projekcija-filma-kontesa-dora","status":"publish","type":"post","link":"https:\/\/glazbena.hr\/gb\/events\/projekcija-filma-kontesa-dora\/","title":{"rendered":"Projekcija filma &#8220;Kontesa Dora&#8221;"},"content":{"rendered":"<p>U sklopu projekta &#8220;U \u010dast Dori&#8221;, sutra, 10. o\u017eujka u 16.15h, u Velikoj koncertnoj dvorani \u0161kole prikazivat \u0107e se dvosatni nagra\u0111ivani film &#8220;Kontesa Dora&#8221; iz 1993. godine, u re\u017eiji Zvonimira Berkovi\u0107a. Na Pulskom festivalu dobio je Zlatne arene za najbolji film, scenarij, glavnu \u017eensku ulogu i glazbu. Radnja filma odvija se u Zagrebu 1920. kada Dora upoznaje Karla Armana, kabaretskog zabavlja\u010da i zaljubljenika u film. Uz retrospektivne trenutke Dorinog djetinjstva, film prikazuje dru\u0161tvenu situaciju tog vremena i ljude koji su obilje\u017eili Dorin \u017eivot. Film, iako biografski, sadr\u017ei romantizirane elemente Dorinog \u017eivota i obitelji.<br \/>\nUz Berkovi\u0107evu re\u017eiju, isti\u010de se sjajna gluma Alme Price i Rade \u0160erbed\u017eije te glazba Igora Kuljeri\u0107a.<\/p>\n","protected":false},"excerpt":{"rendered":"<p>U sklopu projekta &#8220;U \u010dast Dori&#8221;, sutra, 10. o\u017eujka u 16.15h, u Velikoj koncertnoj dvorani \u0161kole prikazivat \u0107e se dvosatni nagra\u0111ivani film &#8220;Kontesa Dora&#8221; iz 1993. godine, u re\u017eiji Zvonimira Berkovi\u0107a. Na Pulskom festivalu dobio je Zlatne arene za najbolji film, scenarij, glavnu \u017eensku ulogu i glazbu. Radnja filma odvija se u Zagrebu 1920. kada [&hellip;]<\/p>\n","protected":false},"author":5,"featured_media":0,"comment_status":"closed","ping_status":"closed","sticky":false,"template":"","format":"standard","meta":{"footnotes":""},"categories":[64],"tags":[],"class_list":["post-23879","post","type-post","status-publish","format-standard","hentry","category-najava-dogadanja"],"translation":{"provider":"WPGlobus","version":"3.0.0","language":"gb","enabled_languages":["hr","gb"],"languages":{"hr":{"title":true,"content":true,"excerpt":false},"gb":{"title":false,"content":false,"excerpt":false}}},"_links":{"self":[{"href":"https:\/\/glazbena.hr\/gb\/wp-json\/wp\/v2\/posts\/23879","targetHints":{"allow":["GET"]}}],"collection":[{"href":"https:\/\/glazbena.hr\/gb\/wp-json\/wp\/v2\/posts"}],"about":[{"href":"https:\/\/glazbena.hr\/gb\/wp-json\/wp\/v2\/types\/post"}],"author":[{"embeddable":true,"href":"https:\/\/glazbena.hr\/gb\/wp-json\/wp\/v2\/users\/5"}],"replies":[{"embeddable":true,"href":"https:\/\/glazbena.hr\/gb\/wp-json\/wp\/v2\/comments?post=23879"}],"version-history":[{"count":2,"href":"https:\/\/glazbena.hr\/gb\/wp-json\/wp\/v2\/posts\/23879\/revisions"}],"predecessor-version":[{"id":23881,"href":"https:\/\/glazbena.hr\/gb\/wp-json\/wp\/v2\/posts\/23879\/revisions\/23881"}],"wp:attachment":[{"href":"https:\/\/glazbena.hr\/gb\/wp-json\/wp\/v2\/media?parent=23879"}],"wp:term":[{"taxonomy":"category","embeddable":true,"href":"https:\/\/glazbena.hr\/gb\/wp-json\/wp\/v2\/categories?post=23879"},{"taxonomy":"post_tag","embeddable":true,"href":"https:\/\/glazbena.hr\/gb\/wp-json\/wp\/v2\/tags?post=23879"}],"curies":[{"name":"wp","href":"https:\/\/api.w.org\/{rel}","templated":true}]}}