{"id":24366,"date":"2023-05-19T10:54:10","date_gmt":"2023-05-19T09:54:10","guid":{"rendered":"https:\/\/glazbena.hr\/?p=24366"},"modified":"2023-05-19T10:54:10","modified_gmt":"2023-05-19T09:54:10","slug":"natjecaj-za-upis-ucenika-u-predskolske-programe-2023-2024","status":"publish","type":"post","link":"https:\/\/glazbena.hr\/gb\/predskolski-program\/natjecaj-za-upis-ucenika-u-predskolske-programe-2023-2024\/","title":{"rendered":"Natje\u010daj za upis u\u010denika u pred\u0161kolske programe 2023. \/ 2024."},"content":{"rendered":"<p><a href=\"https:\/\/glazbena.hr\/wp-content\/uploads\/2023\/05\/Natjecaj-za-upis-ucenika-u-predskolske-programe-2023.2024.pdf\" target=\"_blank\" rel=\"noopener\">Natje\u010daj za upis u\u010denika u pred\u0161kolske programe &#8211; 2023.2024<\/a><\/p>\n<p><a href=\"https:\/\/glazbena.hr\/wp-content\/uploads\/2023\/05\/Pravilnik-o-organizaciji-i-provodenju-prijemne-audicije-za-upis-kandidata-u-predskolske-programe-od-9.5.2023..pdf\" target=\"_blank\" rel=\"noopener\">Pravilnik o organizaciji i provo\u0111enju prijemne audicije za upis kandidata u pred\u0161kolske programe od 9.5.2023.<\/a><\/p>\n<p><a href=\"https:\/\/glazbena.hr\/wp-content\/uploads\/2023\/05\/Odluke-o-visini-participacije-roditelja-predskolski-programi.pdf\" target=\"_blank\" rel=\"noopener\">Odluke o visini participacije roditelja &#8211; pred\u0161kolski programi<\/a><\/p>\n<p><a href=\"https:\/\/glazbena.hr\/wp-content\/uploads\/2023\/05\/PRIJAVNICA-za-AUDICIJU-predskolski-programi.docx\" target=\"_blank\" rel=\"noopener\">PRIJAVNICA-za-AUDICIJU-pred\u0161kolski programi<\/a><\/p>\n<p><a href=\"https:\/\/glazbena.hr\/wp-content\/uploads\/2023\/05\/Privola-ucenika-Glazebne-skole-u-Varazdinu-za-audiciju-predskolski-programi.doc\" target=\"_blank\" rel=\"noopener\">Privola u\u010denika Glazbene \u0161kole u Vara\u017edinu &#8211; za audiciju &#8211; pred\u0161kolski programi<\/a><\/p>\n","protected":false},"excerpt":{"rendered":"<p>Natje\u010daj za upis u\u010denika u pred\u0161kolske programe &#8211; 2023.2024 Pravilnik o organizaciji i provo\u0111enju prijemne audicije za upis kandidata u pred\u0161kolske programe od 9.5.2023. Odluke o visini participacije roditelja &#8211; pred\u0161kolski programi PRIJAVNICA-za-AUDICIJU-pred\u0161kolski programi Privola u\u010denika Glazbene \u0161kole u Vara\u017edinu &#8211; za audiciju &#8211; pred\u0161kolski programi<\/p>\n","protected":false},"author":5,"featured_media":0,"comment_status":"closed","ping_status":"closed","sticky":false,"template":"","format":"standard","meta":{"footnotes":""},"categories":[60],"tags":[],"class_list":["post-24366","post","type-post","status-publish","format-standard","hentry","category-predskolski-program"],"translation":{"provider":"WPGlobus","version":"3.0.0","language":"gb","enabled_languages":["hr","gb"],"languages":{"hr":{"title":true,"content":true,"excerpt":false},"gb":{"title":false,"content":false,"excerpt":false}}},"_links":{"self":[{"href":"https:\/\/glazbena.hr\/gb\/wp-json\/wp\/v2\/posts\/24366","targetHints":{"allow":["GET"]}}],"collection":[{"href":"https:\/\/glazbena.hr\/gb\/wp-json\/wp\/v2\/posts"}],"about":[{"href":"https:\/\/glazbena.hr\/gb\/wp-json\/wp\/v2\/types\/post"}],"author":[{"embeddable":true,"href":"https:\/\/glazbena.hr\/gb\/wp-json\/wp\/v2\/users\/5"}],"replies":[{"embeddable":true,"href":"https:\/\/glazbena.hr\/gb\/wp-json\/wp\/v2\/comments?post=24366"}],"version-history":[{"count":2,"href":"https:\/\/glazbena.hr\/gb\/wp-json\/wp\/v2\/posts\/24366\/revisions"}],"predecessor-version":[{"id":24373,"href":"https:\/\/glazbena.hr\/gb\/wp-json\/wp\/v2\/posts\/24366\/revisions\/24373"}],"wp:attachment":[{"href":"https:\/\/glazbena.hr\/gb\/wp-json\/wp\/v2\/media?parent=24366"}],"wp:term":[{"taxonomy":"category","embeddable":true,"href":"https:\/\/glazbena.hr\/gb\/wp-json\/wp\/v2\/categories?post=24366"},{"taxonomy":"post_tag","embeddable":true,"href":"https:\/\/glazbena.hr\/gb\/wp-json\/wp\/v2\/tags?post=24366"}],"curies":[{"name":"wp","href":"https:\/\/api.w.org\/{rel}","templated":true}]}}