{"id":24434,"date":"2023-05-25T08:00:37","date_gmt":"2023-05-25T07:00:37","guid":{"rendered":"https:\/\/glazbena.hr\/?p=24434"},"modified":"2023-05-25T08:36:40","modified_gmt":"2023-05-25T07:36:40","slug":"produkcije-odjela-za-klavir-17","status":"publish","type":"post","link":"https:\/\/glazbena.hr\/gb\/produkcije\/produkcije-odjela-za-klavir-17\/","title":{"rendered":"Produkcije Odjela za klavir"},"content":{"rendered":"<p>Produkcije Odjela za klavir odr\u017eat \u0107e se u \u010detvrtak, 25. svibnja 2023. u Velikoj koncertnoj dvorani Glazbene \u0161kole u Vara\u017edinu. Prva produkcija odr\u017eat \u0107e se u 16.30 sati, a druga produkcija u 18.00 sati.<\/p>\n<p><a href=\"https:\/\/glazbena.hr\/wp-content\/uploads\/2023\/05\/Produkcija-Odjela-za-klavir-prvi-dio.pdf\" target=\"_blank\" rel=\"noopener\">Produkcija Odjela za klavir &#8211; prvi dio<\/a><\/p>\n<p><a href=\"https:\/\/glazbena.hr\/wp-content\/uploads\/2023\/05\/Produkcija-Odjela-za-klavir-drugi-dio.pdf\" target=\"_blank\" rel=\"noopener\">Produkcija Odjela za klavir &#8211; drugi dio<\/a><\/p>\n","protected":false},"excerpt":{"rendered":"<p>Produkcije Odjela za klavir odr\u017eat \u0107e se u \u010detvrtak, 25. svibnja 2023. u Velikoj koncertnoj dvorani Glazbene \u0161kole u Vara\u017edinu. Prva produkcija odr\u017eat \u0107e se u 16.30 sati, a druga produkcija u 18.00 sati. Produkcija Odjela za klavir &#8211; prvi dio Produkcija Odjela za klavir &#8211; drugi dio<\/p>\n","protected":false},"author":5,"featured_media":0,"comment_status":"closed","ping_status":"closed","sticky":false,"template":"","format":"standard","meta":{"footnotes":""},"categories":[65],"tags":[],"class_list":["post-24434","post","type-post","status-publish","format-standard","hentry","category-produkcije"],"translation":{"provider":"WPGlobus","version":"3.0.0","language":"gb","enabled_languages":["hr","gb"],"languages":{"hr":{"title":true,"content":true,"excerpt":false},"gb":{"title":false,"content":false,"excerpt":false}}},"_links":{"self":[{"href":"https:\/\/glazbena.hr\/gb\/wp-json\/wp\/v2\/posts\/24434","targetHints":{"allow":["GET"]}}],"collection":[{"href":"https:\/\/glazbena.hr\/gb\/wp-json\/wp\/v2\/posts"}],"about":[{"href":"https:\/\/glazbena.hr\/gb\/wp-json\/wp\/v2\/types\/post"}],"author":[{"embeddable":true,"href":"https:\/\/glazbena.hr\/gb\/wp-json\/wp\/v2\/users\/5"}],"replies":[{"embeddable":true,"href":"https:\/\/glazbena.hr\/gb\/wp-json\/wp\/v2\/comments?post=24434"}],"version-history":[{"count":3,"href":"https:\/\/glazbena.hr\/gb\/wp-json\/wp\/v2\/posts\/24434\/revisions"}],"predecessor-version":[{"id":24438,"href":"https:\/\/glazbena.hr\/gb\/wp-json\/wp\/v2\/posts\/24434\/revisions\/24438"}],"wp:attachment":[{"href":"https:\/\/glazbena.hr\/gb\/wp-json\/wp\/v2\/media?parent=24434"}],"wp:term":[{"taxonomy":"category","embeddable":true,"href":"https:\/\/glazbena.hr\/gb\/wp-json\/wp\/v2\/categories?post=24434"},{"taxonomy":"post_tag","embeddable":true,"href":"https:\/\/glazbena.hr\/gb\/wp-json\/wp\/v2\/tags?post=24434"}],"curies":[{"name":"wp","href":"https:\/\/api.w.org\/{rel}","templated":true}]}}