{"id":24522,"date":"2023-06-02T11:26:45","date_gmt":"2023-06-02T10:26:45","guid":{"rendered":"https:\/\/glazbena.hr\/?p=24522"},"modified":"2023-06-22T12:51:48","modified_gmt":"2023-06-22T11:51:48","slug":"poziv-na-prijavu-za-sudjelovanje-u-projektu-barcelona-la-musica-vibro-y-ella-nos-unio-ucenika-ii-iii-i-iv-razreda-srednje-glazbene-skole-za-realizaciju-mobilnosti-u-kraljevini","status":"publish","type":"post","link":"https:\/\/glazbena.hr\/gb\/erasmus-plus\/poziv-na-prijavu-za-sudjelovanje-u-projektu-barcelona-la-musica-vibro-y-ella-nos-unio-ucenika-ii-iii-i-iv-razreda-srednje-glazbene-skole-za-realizaciju-mobilnosti-u-kraljevini\/","title":{"rendered":"Poziv na prijavu za sudjelovanje u projektu \u201eBarcelona, la musica vibro y ella nos unio!\u201c u\u010denika II., III. i IV. razreda srednje glazbene \u0161kole za realizaciju mobilnosti u Kraljevini \u0160panjolskoj"},"content":{"rendered":"<p>U sklopu Erasmus+ KA1 projekta\u00a0 Glazbenoj \u0161koli u Vara\u017edinu odobrena je mobilnost za ukupno 12 u\u010denika od 5. do 20. prosinca 2023. godine u Barceloni, u glazbenoj \u0161koli IEA Oriol Martorell.<\/p>\n<p>Tro\u0161ak puta i boravak u\u010denika u inozemstvu bit \u0107e pla\u0107eni iz sredstava projekta koji je financiran od strane EU.<\/p>\n<p>Na poziv za sudjelovanje u mobilnosti mogu se javiti u\u010denici II., III. I IV. razreda srednje glazbene \u0161kole, smjerova glazbenik instrumentalist i glazbenik pjeva\u010d.<\/p>\n<p>Od svih zainteresiranih u\u010denika o\u010dekuje se da <strong>napi\u0161u motivacijsko pismo na engleskom jeziku i ispune prijavnicu, prikupe diplome s natjecanja te dostave kopije programa sudjelovanja na va\u017enijim koncertima, projektima kao i eventualnom volonterskom anga\u017emanu<\/strong>. Navedenu dokumentaciju potrebno je potpisati i skenirati te poslati projektnoj koordinatorici Sanji Buhin na e-mail adresu: <a href=\"mailto:glazbenaskola190@gmail.com\">glazbenaskola190@gmail.com \u00a0<\/a><strong><u>najkasnije do 23. lipnja 2023. godine.<\/u><\/strong><\/p>\n<p>Pri odabiru kandidata bodovat \u0107e se:<\/p>\n<p>&#8211; motivacijsko pismo na engleskom jeziku \u2013 20 bodova<\/p>\n<p>&#8211; audicija na kojoj je svaki od kandidata obvezan izvesti program po slobodnom odabiru u trajanju od minimalno 5 minuta \u2013 40 bodova<\/p>\n<p>&#8211; znanje i vje\u0161tine na temeljnom predmetu, interes za bavljenje glazbom (uz naglasak na posebne vje\u0161tine koje izlaze izvan nastavnog plana i programa), rezultati u\u010denika na natjecanjima kao i anga\u017eman na drugim va\u017enijim projektima \u2013 10 bodova<\/p>\n<p>&#8211; razina poznavanja jezika \u2013 intervju s u\u010denicima na engleskom jeziku \u2013 30 bodova.<\/p>\n<p>Uz 12 odabranih kandidata, odabrat \u0107e se i dva kandidata koji \u0107e biti smje\u0161teni na tzv. rezervnu listu.<\/p>\n<p>Za sva dodatna pitanja vezana uz mobilnost, obratite se projektnoj koordinatorici Sanji Buhin.<\/p>\n<p><a href=\"https:\/\/glazbena.hr\/wp-content\/uploads\/2023\/06\/Poziv-na-prijavu-na-E-ucenici-1.pdf\" target=\"_blank\" rel=\"noopener\">Poziv na prijavu za sudjelovanje u Erasmus+ projektu Glazbene \u0161kole u Vara\u017edinu<\/a><\/p>\n<p><a href=\"https:\/\/glazbena.hr\/wp-content\/uploads\/2023\/06\/Upute-za-pisanje-motivacijskog-pisma.pdf\">Upute za pisanje motivacijskog pisma<\/a><\/p>\n<p><a href=\"https:\/\/glazbena.hr\/wp-content\/uploads\/2023\/06\/Prijavnica.pdf\" target=\"_blank\" rel=\"noopener\">Prijavnica<\/a><\/p>\n","protected":false},"excerpt":{"rendered":"<p>U sklopu Erasmus+ KA1 projekta\u00a0 Glazbenoj \u0161koli u Vara\u017edinu odobrena je mobilnost za ukupno 12 u\u010denika od 5. do 20. prosinca 2023. godine u Barceloni, u glazbenoj \u0161koli IEA Oriol Martorell. Tro\u0161ak puta i boravak u\u010denika u inozemstvu bit \u0107e pla\u0107eni iz sredstava projekta koji je financiran od strane EU. Na poziv za sudjelovanje u [&hellip;]<\/p>\n","protected":false},"author":5,"featured_media":0,"comment_status":"closed","ping_status":"closed","sticky":false,"template":"","format":"standard","meta":{"footnotes":""},"categories":[83],"tags":[],"class_list":["post-24522","post","type-post","status-publish","format-standard","hentry","category-erasmus-plus"],"translation":{"provider":"WPGlobus","version":"3.0.0","language":"gb","enabled_languages":["hr","gb"],"languages":{"hr":{"title":true,"content":true,"excerpt":false},"gb":{"title":false,"content":false,"excerpt":false}}},"_links":{"self":[{"href":"https:\/\/glazbena.hr\/gb\/wp-json\/wp\/v2\/posts\/24522","targetHints":{"allow":["GET"]}}],"collection":[{"href":"https:\/\/glazbena.hr\/gb\/wp-json\/wp\/v2\/posts"}],"about":[{"href":"https:\/\/glazbena.hr\/gb\/wp-json\/wp\/v2\/types\/post"}],"author":[{"embeddable":true,"href":"https:\/\/glazbena.hr\/gb\/wp-json\/wp\/v2\/users\/5"}],"replies":[{"embeddable":true,"href":"https:\/\/glazbena.hr\/gb\/wp-json\/wp\/v2\/comments?post=24522"}],"version-history":[{"count":4,"href":"https:\/\/glazbena.hr\/gb\/wp-json\/wp\/v2\/posts\/24522\/revisions"}],"predecessor-version":[{"id":24658,"href":"https:\/\/glazbena.hr\/gb\/wp-json\/wp\/v2\/posts\/24522\/revisions\/24658"}],"wp:attachment":[{"href":"https:\/\/glazbena.hr\/gb\/wp-json\/wp\/v2\/media?parent=24522"}],"wp:term":[{"taxonomy":"category","embeddable":true,"href":"https:\/\/glazbena.hr\/gb\/wp-json\/wp\/v2\/categories?post=24522"},{"taxonomy":"post_tag","embeddable":true,"href":"https:\/\/glazbena.hr\/gb\/wp-json\/wp\/v2\/tags?post=24522"}],"curies":[{"name":"wp","href":"https:\/\/api.w.org\/{rel}","templated":true}]}}