{"id":24557,"date":"2023-06-06T15:31:59","date_gmt":"2023-06-06T14:31:59","guid":{"rendered":"https:\/\/glazbena.hr\/?p=24557"},"modified":"2023-06-06T15:31:59","modified_gmt":"2023-06-06T14:31:59","slug":"klasna-produkcija-gitare-i-klavira-u-podrucnom-odjelu-u-ivancu","status":"publish","type":"post","link":"https:\/\/glazbena.hr\/gb\/produkcije\/klasna-produkcija-gitare-i-klavira-u-podrucnom-odjelu-u-ivancu\/","title":{"rendered":"Klasna produkcija gitare i klavira u Podru\u010dnom odjelu u Ivancu"},"content":{"rendered":"<p>Klasna produkcija gitarista i klavirista koji poha\u0111aju Podru\u010dni odjel u Ivancu odr\u017eat \u0107e se u utorak, 6. lipnja 2023. godine s po\u010detkom u 18.00 sati.<\/p>\n<p><a href=\"https:\/\/glazbena.hr\/wp-content\/uploads\/2023\/06\/Klasna-produkcija-gitare-i-klavira-2-1.pdf\" target=\"_blank\" rel=\"noopener\">Klasna produkcija gitare i klavira <\/a><\/p>\n","protected":false},"excerpt":{"rendered":"<p>Klasna produkcija gitarista i klavirista koji poha\u0111aju Podru\u010dni odjel u Ivancu odr\u017eat \u0107e se u utorak, 6. lipnja 2023. godine s po\u010detkom u 18.00 sati. Klasna produkcija gitare i klavira<\/p>\n","protected":false},"author":5,"featured_media":0,"comment_status":"closed","ping_status":"closed","sticky":false,"template":"","format":"standard","meta":{"footnotes":""},"categories":[65],"tags":[],"class_list":["post-24557","post","type-post","status-publish","format-standard","hentry","category-produkcije"],"translation":{"provider":"WPGlobus","version":"3.0.0","language":"gb","enabled_languages":["hr","gb"],"languages":{"hr":{"title":true,"content":true,"excerpt":false},"gb":{"title":false,"content":false,"excerpt":false}}},"_links":{"self":[{"href":"https:\/\/glazbena.hr\/gb\/wp-json\/wp\/v2\/posts\/24557","targetHints":{"allow":["GET"]}}],"collection":[{"href":"https:\/\/glazbena.hr\/gb\/wp-json\/wp\/v2\/posts"}],"about":[{"href":"https:\/\/glazbena.hr\/gb\/wp-json\/wp\/v2\/types\/post"}],"author":[{"embeddable":true,"href":"https:\/\/glazbena.hr\/gb\/wp-json\/wp\/v2\/users\/5"}],"replies":[{"embeddable":true,"href":"https:\/\/glazbena.hr\/gb\/wp-json\/wp\/v2\/comments?post=24557"}],"version-history":[{"count":2,"href":"https:\/\/glazbena.hr\/gb\/wp-json\/wp\/v2\/posts\/24557\/revisions"}],"predecessor-version":[{"id":24560,"href":"https:\/\/glazbena.hr\/gb\/wp-json\/wp\/v2\/posts\/24557\/revisions\/24560"}],"wp:attachment":[{"href":"https:\/\/glazbena.hr\/gb\/wp-json\/wp\/v2\/media?parent=24557"}],"wp:term":[{"taxonomy":"category","embeddable":true,"href":"https:\/\/glazbena.hr\/gb\/wp-json\/wp\/v2\/categories?post=24557"},{"taxonomy":"post_tag","embeddable":true,"href":"https:\/\/glazbena.hr\/gb\/wp-json\/wp\/v2\/tags?post=24557"}],"curies":[{"name":"wp","href":"https:\/\/api.w.org\/{rel}","templated":true}]}}