{"id":24740,"date":"2023-07-03T18:46:08","date_gmt":"2023-07-03T17:46:08","guid":{"rendered":"https:\/\/glazbena.hr\/?p=24740"},"modified":"2023-07-03T19:07:19","modified_gmt":"2023-07-03T18:07:19","slug":"raspored-prijemnih-ispita-za-upis-u-1-razred-srednje-glazbene-skole-4-i-5-7-2023","status":"publish","type":"post","link":"https:\/\/glazbena.hr\/gb\/srednja-glazbena\/raspored-prijemnih-ispita-za-upis-u-1-razred-srednje-glazbene-skole-4-i-5-7-2023\/","title":{"rendered":"Raspored prijemnih ispita za upis u 1. razred srednje glazbene \u0161kole &#8211; 4. i 5.7.2023."},"content":{"rendered":"<p>Po\u0161tovani kandidati, u nastavku se nalaze rasporedi prijemnih ispita koji \u0107e se odr\u017eati 4. i 5. srpnja 2023. godine u glazbenoj \u0161koli u Vara\u017edinu.<\/p>\n<p><a href=\"https:\/\/glazbena.hr\/wp-content\/uploads\/2023\/07\/Raspored-prijemnih-ispita-4.-i-5.7.2023.-solfeggio-i-svi-instrumenti.pdf\" target=\"_blank\" rel=\"noopener\">Raspored prijemnih ispita 4. i 5.7.2023.- solfeggio i svi instrumenti<\/a><\/p>\n<p><a href=\"https:\/\/glazbena.hr\/wp-content\/uploads\/2023\/07\/Solfeggio-Prijemni-ispiti-za-1.-r.-srednje-glazbene-skole-4.7.2023-oglasna-ploca.pdf\" target=\"_blank\" rel=\"noopener\">Solfeggio &#8211; Prijemni ispiti za 1. r. srednje glazbene \u0161kole &#8211; 4.7.2023 <\/a><\/p>\n<p><a href=\"https:\/\/glazbena.hr\/wp-content\/uploads\/2023\/07\/Klavir-glavni-predmet-klavira-za-teorijski-smjer-i-orgulje-prijemni-ispit-5.7.2023..pdf\" target=\"_blank\" rel=\"noopener\">Klavir glavni predmet, klavira za teorijski smjer i orgulje &#8211; prijemni ispit 5.7.2023.<\/a><\/p>\n","protected":false},"excerpt":{"rendered":"<p>Po\u0161tovani kandidati, u nastavku se nalaze rasporedi prijemnih ispita koji \u0107e se odr\u017eati 4. i 5. srpnja 2023. godine u glazbenoj \u0161koli u Vara\u017edinu. Raspored prijemnih ispita 4. i 5.7.2023.- solfeggio i svi instrumenti Solfeggio &#8211; Prijemni ispiti za 1. r. srednje glazbene \u0161kole &#8211; 4.7.2023 Klavir glavni predmet, klavira za teorijski smjer i orgulje [&hellip;]<\/p>\n","protected":false},"author":5,"featured_media":0,"comment_status":"closed","ping_status":"closed","sticky":false,"template":"","format":"standard","meta":{"footnotes":""},"categories":[62],"tags":[],"class_list":["post-24740","post","type-post","status-publish","format-standard","hentry","category-srednja-glazbena"],"translation":{"provider":"WPGlobus","version":"3.0.0","language":"gb","enabled_languages":["hr","gb"],"languages":{"hr":{"title":true,"content":true,"excerpt":false},"gb":{"title":false,"content":false,"excerpt":false}}},"_links":{"self":[{"href":"https:\/\/glazbena.hr\/gb\/wp-json\/wp\/v2\/posts\/24740","targetHints":{"allow":["GET"]}}],"collection":[{"href":"https:\/\/glazbena.hr\/gb\/wp-json\/wp\/v2\/posts"}],"about":[{"href":"https:\/\/glazbena.hr\/gb\/wp-json\/wp\/v2\/types\/post"}],"author":[{"embeddable":true,"href":"https:\/\/glazbena.hr\/gb\/wp-json\/wp\/v2\/users\/5"}],"replies":[{"embeddable":true,"href":"https:\/\/glazbena.hr\/gb\/wp-json\/wp\/v2\/comments?post=24740"}],"version-history":[{"count":3,"href":"https:\/\/glazbena.hr\/gb\/wp-json\/wp\/v2\/posts\/24740\/revisions"}],"predecessor-version":[{"id":24745,"href":"https:\/\/glazbena.hr\/gb\/wp-json\/wp\/v2\/posts\/24740\/revisions\/24745"}],"wp:attachment":[{"href":"https:\/\/glazbena.hr\/gb\/wp-json\/wp\/v2\/media?parent=24740"}],"wp:term":[{"taxonomy":"category","embeddable":true,"href":"https:\/\/glazbena.hr\/gb\/wp-json\/wp\/v2\/categories?post=24740"},{"taxonomy":"post_tag","embeddable":true,"href":"https:\/\/glazbena.hr\/gb\/wp-json\/wp\/v2\/tags?post=24740"}],"curies":[{"name":"wp","href":"https:\/\/api.w.org\/{rel}","templated":true}]}}