{"id":24777,"date":"2023-07-08T11:07:01","date_gmt":"2023-07-08T10:07:01","guid":{"rendered":"https:\/\/glazbena.hr\/?p=24777"},"modified":"2023-07-08T11:07:01","modified_gmt":"2023-07-08T10:07:01","slug":"slobodna-upisna-mjesta-za-upis-u-prvi-razred-osnovne-glazbene-skole-glazbena-skola-u-varazdinu-i-podrucni-odjeli-2","status":"publish","type":"post","link":"https:\/\/glazbena.hr\/gb\/osnovna-glazbena\/slobodna-upisna-mjesta-za-upis-u-prvi-razred-osnovne-glazbene-skole-glazbena-skola-u-varazdinu-i-podrucni-odjeli-2\/","title":{"rendered":"Slobodna upisna mjesta za upis u prvi razred osnovne glazbene \u0161kole &#8211; Glazbena \u0161kola u Vara\u017edinu i podru\u010dni odjeli"},"content":{"rendered":"<p>Za jesenski upisni rok pretprijave \u0107e biti otvorene od <strong><em>10.<strong> s<\/strong>rpnja 2023. do 16. kolovoza 2023. godine.<\/em><\/strong><\/p>\n<p><strong>Predvi\u0111eni termini odr\u017eavanja prijemnih audicija i upisa u jesenskom upisnom roku:<\/strong><\/p>\n<p><strong><em>Glazbena \u0161kola u Vara\u017edinu<\/em><\/strong> <strong>\u2013 prijamna audicija 21. kolovoza 2023., objava rezultata i upis 22. kolovoza 2023. godine<\/strong><br \/>\n<strong><em>Podru\u010dni odjeli<\/em><\/strong> <strong>\u2013 prijamna audicija 21. kolovoza 2023., objava rezultata i upis 22. kolovoza 2023. godine<\/strong><\/p>\n<p><a style=\"color: #20c7ca;\" href=\"https:\/\/glazbena.hr\/wp-content\/uploads\/2023\/07\/20230707120633.pdf\" target=\"_blank\" rel=\"noopener\">Glazbena \u0161kola u Vara\u017edinu &#8211; slobodna upisna mjesta za jesenski rok<\/a><\/p>\n<p><a href=\"https:\/\/glazbena.hr\/wp-content\/uploads\/2023\/07\/20230707120405.pdf\" target=\"_blank\" rel=\"noopener\">Podru\u010dni odjel u Cestici &#8211; slobodna upisna mjesta za jesenski rok<\/a><a style=\"color: #20c7ca;\" href=\"https:\/\/glazbena.hr\/wp-content\/uploads\/2023\/07\/20230707120633.pdf\" target=\"_blank\" rel=\"noopener\">\u00a0 \u00a0<\/a><\/p>\n<p><a href=\"https:\/\/glazbena.hr\/wp-content\/uploads\/2023\/07\/20230707120421.pdf\" target=\"_blank\" rel=\"noopener\">Podru\u010dni odjel u Lepoglavi &#8211; slobodna upisna mjesta za jesenski rok<\/a><\/p>\n<p><a href=\"https:\/\/glazbena.hr\/wp-content\/uploads\/2023\/07\/20230707120435.pdf\" target=\"_blank\" rel=\"noopener\">Podru\u010dni odjel u Ivancu &#8211; slobodna upisna mjesta za jesenski rok<\/a><\/p>\n<p><a href=\"https:\/\/glazbena.hr\/wp-content\/uploads\/2023\/07\/20230707120621.pdf\" target=\"_blank\" rel=\"noopener\">Podru\u010dni odjel u Vara\u017edinskim Toplicama &#8211; slobodna upisna mjesta za jesenski rok<\/a><\/p>\n","protected":false},"excerpt":{"rendered":"<p>Za jesenski upisni rok pretprijave \u0107e biti otvorene od 10. srpnja 2023. do 16. kolovoza 2023. godine. Predvi\u0111eni termini odr\u017eavanja prijemnih audicija i upisa u jesenskom upisnom roku: Glazbena \u0161kola u Vara\u017edinu \u2013 prijamna audicija 21. kolovoza 2023., objava rezultata i upis 22. kolovoza 2023. godine Podru\u010dni odjeli \u2013 prijamna audicija 21. kolovoza 2023., objava [&hellip;]<\/p>\n","protected":false},"author":5,"featured_media":0,"comment_status":"closed","ping_status":"closed","sticky":false,"template":"","format":"standard","meta":{"footnotes":""},"categories":[61],"tags":[],"class_list":["post-24777","post","type-post","status-publish","format-standard","hentry","category-osnovna-glazbena"],"translation":{"provider":"WPGlobus","version":"3.0.0","language":"gb","enabled_languages":["hr","gb"],"languages":{"hr":{"title":true,"content":true,"excerpt":false},"gb":{"title":false,"content":false,"excerpt":false}}},"_links":{"self":[{"href":"https:\/\/glazbena.hr\/gb\/wp-json\/wp\/v2\/posts\/24777","targetHints":{"allow":["GET"]}}],"collection":[{"href":"https:\/\/glazbena.hr\/gb\/wp-json\/wp\/v2\/posts"}],"about":[{"href":"https:\/\/glazbena.hr\/gb\/wp-json\/wp\/v2\/types\/post"}],"author":[{"embeddable":true,"href":"https:\/\/glazbena.hr\/gb\/wp-json\/wp\/v2\/users\/5"}],"replies":[{"embeddable":true,"href":"https:\/\/glazbena.hr\/gb\/wp-json\/wp\/v2\/comments?post=24777"}],"version-history":[{"count":2,"href":"https:\/\/glazbena.hr\/gb\/wp-json\/wp\/v2\/posts\/24777\/revisions"}],"predecessor-version":[{"id":24786,"href":"https:\/\/glazbena.hr\/gb\/wp-json\/wp\/v2\/posts\/24777\/revisions\/24786"}],"wp:attachment":[{"href":"https:\/\/glazbena.hr\/gb\/wp-json\/wp\/v2\/media?parent=24777"}],"wp:term":[{"taxonomy":"category","embeddable":true,"href":"https:\/\/glazbena.hr\/gb\/wp-json\/wp\/v2\/categories?post=24777"},{"taxonomy":"post_tag","embeddable":true,"href":"https:\/\/glazbena.hr\/gb\/wp-json\/wp\/v2\/tags?post=24777"}],"curies":[{"name":"wp","href":"https:\/\/api.w.org\/{rel}","templated":true}]}}