{"id":24787,"date":"2023-07-08T11:13:16","date_gmt":"2023-07-08T10:13:16","guid":{"rendered":"https:\/\/glazbena.hr\/?p=24787"},"modified":"2023-07-08T11:13:16","modified_gmt":"2023-07-08T10:13:16","slug":"slobodna-upisna-mjesta-za-predskolske-programe-glazbene-skole-u-varazdinu-2","status":"publish","type":"post","link":"https:\/\/glazbena.hr\/gb\/predskolski-program\/slobodna-upisna-mjesta-za-predskolske-programe-glazbene-skole-u-varazdinu-2\/","title":{"rendered":"Slobodna upisna mjesta za pred\u0161kolske programe Glazbene \u0161kole u Vara\u017edinu"},"content":{"rendered":"<p>Za jesenski upisni rok pretprijave \u0107e biti otvorene od 10. srpnja do 16. kolovoza 2023. godine. Po zavr\u0161etku pretprijava svi roditelji\/skrbnici bit \u0107e kontaktirani u vezi dogovora to\u010dnog vremena prijemne audicije, odnosno upisa.<\/p>\n<p>Prijamna audicija odr\u017eat \u0107e se 21. kolovoza 2023. godine, a rezultati i upis u\u010denika 22. kolovoza 2023. godine.<\/p>\n<p><a href=\"https:\/\/glazbena.hr\/wp-content\/uploads\/2023\/07\/20230707120649.pdf\" target=\"_blank\" rel=\"noopener\">Mala \u0161kola violine &#8211; slobodna upisna mjesta jesenski rok<\/a><\/p>\n<p><a href=\"https:\/\/glazbena.hr\/wp-content\/uploads\/2023\/07\/0746_001.pdf\" target=\"_blank\" rel=\"noopener\">Mala \u0161kola blok flaute &#8211; slobodna upisna mjesta jesenski rok<\/a><\/p>\n","protected":false},"excerpt":{"rendered":"<p>Za jesenski upisni rok pretprijave \u0107e biti otvorene od 10. srpnja do 16. kolovoza 2023. godine. Po zavr\u0161etku pretprijava svi roditelji\/skrbnici bit \u0107e kontaktirani u vezi dogovora to\u010dnog vremena prijemne audicije, odnosno upisa. Prijamna audicija odr\u017eat \u0107e se 21. kolovoza 2023. godine, a rezultati i upis u\u010denika 22. kolovoza 2023. godine. Mala \u0161kola violine &#8211; [&hellip;]<\/p>\n","protected":false},"author":5,"featured_media":0,"comment_status":"closed","ping_status":"closed","sticky":false,"template":"","format":"standard","meta":{"footnotes":""},"categories":[60],"tags":[],"class_list":["post-24787","post","type-post","status-publish","format-standard","hentry","category-predskolski-program"],"translation":{"provider":"WPGlobus","version":"3.0.0","language":"gb","enabled_languages":["hr","gb"],"languages":{"hr":{"title":true,"content":true,"excerpt":false},"gb":{"title":false,"content":false,"excerpt":false}}},"_links":{"self":[{"href":"https:\/\/glazbena.hr\/gb\/wp-json\/wp\/v2\/posts\/24787","targetHints":{"allow":["GET"]}}],"collection":[{"href":"https:\/\/glazbena.hr\/gb\/wp-json\/wp\/v2\/posts"}],"about":[{"href":"https:\/\/glazbena.hr\/gb\/wp-json\/wp\/v2\/types\/post"}],"author":[{"embeddable":true,"href":"https:\/\/glazbena.hr\/gb\/wp-json\/wp\/v2\/users\/5"}],"replies":[{"embeddable":true,"href":"https:\/\/glazbena.hr\/gb\/wp-json\/wp\/v2\/comments?post=24787"}],"version-history":[{"count":2,"href":"https:\/\/glazbena.hr\/gb\/wp-json\/wp\/v2\/posts\/24787\/revisions"}],"predecessor-version":[{"id":24791,"href":"https:\/\/glazbena.hr\/gb\/wp-json\/wp\/v2\/posts\/24787\/revisions\/24791"}],"wp:attachment":[{"href":"https:\/\/glazbena.hr\/gb\/wp-json\/wp\/v2\/media?parent=24787"}],"wp:term":[{"taxonomy":"category","embeddable":true,"href":"https:\/\/glazbena.hr\/gb\/wp-json\/wp\/v2\/categories?post=24787"},{"taxonomy":"post_tag","embeddable":true,"href":"https:\/\/glazbena.hr\/gb\/wp-json\/wp\/v2\/tags?post=24787"}],"curies":[{"name":"wp","href":"https:\/\/api.w.org\/{rel}","templated":true}]}}