{"id":24851,"date":"2023-07-19T11:10:28","date_gmt":"2023-07-19T10:10:28","guid":{"rendered":"https:\/\/glazbena.hr\/?p=24851"},"modified":"2023-07-19T11:10:28","modified_gmt":"2023-07-19T10:10:28","slug":"radionice-za-predskolce-mala-skola-klavira","status":"publish","type":"post","link":"https:\/\/glazbena.hr\/gb\/activity\/radionice-za-predskolce-mala-skola-klavira\/","title":{"rendered":"Radionice za pred\u0161kolce &#8211; mala \u0161kola klavira"},"content":{"rendered":"<p>Ciklus radionica klavira za pred\u0161kolce koji je za cilj imao pokretanje Male \u0161kole klavira kao novog odgojno-obrazovnog programa u Glazbenoj \u0161koli u Vara\u017edinu, pokrenula je, osmislila i vodila nastavnica Lea \u0160antek, prof. savjetnik tijekom drugog polugodi\u0161ta 2022.\/2023. \u0161kolske godine u sklopu projekta Klavirtualnice &#8211; klavirske radionice koji se provodi ve\u0107 drugu godinu zaredom.<\/p>\n<p>Ukupno 8 polaznika u rasponu od 4 do 8 godina kroz 10 radionica imalo je priliku kroz igru i improvizaciju uz kori\u0161tenje suvremenih i inovativnih metoda pou\u010davanja razvijati ma\u0161tu i zvu\u010dnu fantaziju, istra\u017eivati klavirski zvuk i ton, upoznavati dijelove klavira i klavijaturu, koristiti tijelo kao svira\u010dki aparat, glazbeno se opismenjavati i u\u010diti svirati klavir sviraju\u0107i melodije po sluhu i skladbice iz klavirskih po\u010detnica i literature individualno i grupno, \u010desto nastupaju\u0107i na raznim kulturnim i javnim doga\u0111ajima \u0161kole, i izvan nje (na KLIKER festivalu), a \u010dak su pristupili i audiciji za nastup s Vara\u017edinskim komornim orkestrom.<\/p>\n<p>Mala \u0161kola klavira starta najesen kao i sva ostala uzbudljiva iznena\u0111enja i izazovi za na\u0161e male-velike pred\u0161kolce!<\/p>\n<p>&nbsp;<\/p>\n","protected":false},"excerpt":{"rendered":"<p>Ciklus radionica klavira za pred\u0161kolce koji je za cilj imao pokretanje Male \u0161kole klavira kao novog odgojno-obrazovnog programa u Glazbenoj \u0161koli u Vara\u017edinu, pokrenula je, osmislila i vodila nastavnica Lea \u0160antek, prof. savjetnik tijekom drugog polugodi\u0161ta 2022.\/2023. \u0161kolske godine u sklopu projekta Klavirtualnice &#8211; klavirske radionice koji se provodi ve\u0107 drugu godinu zaredom. Ukupno 8 [&hellip;]<\/p>\n","protected":false},"author":5,"featured_media":0,"comment_status":"closed","ping_status":"closed","sticky":false,"template":"","format":"standard","meta":{"footnotes":""},"categories":[70],"tags":[],"class_list":["post-24851","post","type-post","status-publish","format-standard","hentry","category-aktivnosti"],"translation":{"provider":"WPGlobus","version":"3.0.0","language":"gb","enabled_languages":["hr","gb"],"languages":{"hr":{"title":true,"content":true,"excerpt":false},"gb":{"title":false,"content":false,"excerpt":false}}},"_links":{"self":[{"href":"https:\/\/glazbena.hr\/gb\/wp-json\/wp\/v2\/posts\/24851","targetHints":{"allow":["GET"]}}],"collection":[{"href":"https:\/\/glazbena.hr\/gb\/wp-json\/wp\/v2\/posts"}],"about":[{"href":"https:\/\/glazbena.hr\/gb\/wp-json\/wp\/v2\/types\/post"}],"author":[{"embeddable":true,"href":"https:\/\/glazbena.hr\/gb\/wp-json\/wp\/v2\/users\/5"}],"replies":[{"embeddable":true,"href":"https:\/\/glazbena.hr\/gb\/wp-json\/wp\/v2\/comments?post=24851"}],"version-history":[{"count":2,"href":"https:\/\/glazbena.hr\/gb\/wp-json\/wp\/v2\/posts\/24851\/revisions"}],"predecessor-version":[{"id":24854,"href":"https:\/\/glazbena.hr\/gb\/wp-json\/wp\/v2\/posts\/24851\/revisions\/24854"}],"wp:attachment":[{"href":"https:\/\/glazbena.hr\/gb\/wp-json\/wp\/v2\/media?parent=24851"}],"wp:term":[{"taxonomy":"category","embeddable":true,"href":"https:\/\/glazbena.hr\/gb\/wp-json\/wp\/v2\/categories?post=24851"},{"taxonomy":"post_tag","embeddable":true,"href":"https:\/\/glazbena.hr\/gb\/wp-json\/wp\/v2\/tags?post=24851"}],"curies":[{"name":"wp","href":"https:\/\/api.w.org\/{rel}","templated":true}]}}