{"id":28436,"date":"2023-10-23T08:28:48","date_gmt":"2023-10-23T07:28:48","guid":{"rendered":"https:\/\/glazbena.hr\/?p=28436"},"modified":"2023-10-23T08:28:48","modified_gmt":"2023-10-23T07:28:48","slug":"zagreb-piano-duo-festival-2023","status":"publish","type":"post","link":"https:\/\/glazbena.hr\/gb\/events\/zagreb-piano-duo-festival-2023\/","title":{"rendered":"Zagreb Piano Duo Festival 2023."},"content":{"rendered":"<p>U programu 6. po redu Zagreba\u010dkog festivala klavirskih dua (Zagreb Piano Duo Festival 2023), sredi\u0161njeg glazbenog doga\u0111anja posve\u0107enog muziciranju u jednoj od najljep\u0161ih i najatraktivnijih formi komornog muziciranja, koji se odr\u017eava 19. &#8211; 25. listopada na vi\u0161e zagreba\u010dkih lokacija, a koji su pokrenule pijanistice Iva Ljubi\u010di\u0107 Luki\u0107 i Kosjenka Turkulin, ove godine sudjeluju i u\u010denici i nastavnici klavira Glazbene \u0161kole u Vara\u017edinu koji \u0107e nastupiti na koncertu u ponedjeljak 23. listopada u 19.30 sati u Kulturnom centru Travno pri \u010demu \u0107e pod nazivom Happy Piano Family izvesti skladbe za 4, 5, 6 i 8 ruku. Na koncertu \u0107e nastupiti u\u010denici\u00a0Dora \u0160incek, 1.o., Sara Kos, 2.o., Filip Jaklin, 3.o., Janko Lazar, 3.o., Martin Antolovi\u0107, 1.s., Luca Capuzzo, 1.s., Martin Domanovac, 1.s., Jan Borak, 2.s., Ivan Juranko, 2.s., Milan O\u0161tri\u0107, 2.s., Paula Malba\u0161i\u0107, 2.s., Lucija Turk, 2.s., Klara Jambro\u0161i\u0107 Barnjak, 3.s., Petra Krajnik, 3.s., Lucija \u010cehok, 4.s., Hana \u0160iroki, 4.s. uz podr\u0161ku mentora Mie Mihali\u0107, mag. mus., Helene Herman, mag. mus.,Davida Vukovi\u0107a, mag. mus., Lee \u0160antek, prof. savjetnik i Predraga \u0160anteka, prof. savjetnik.<\/p>\n<p>&nbsp;<\/p>\n<p><img loading=\"lazy\" decoding=\"async\" class=\"alignnone wp-image-28437 size-medium\" src=\"https:\/\/glazbena.hr\/wp-content\/uploads\/2023\/10\/PHOTO-2023-10-22-10-26-23-212x300.jpg\" alt=\"\" width=\"212\" height=\"300\" srcset=\"https:\/\/glazbena.hr\/wp-content\/uploads\/2023\/10\/PHOTO-2023-10-22-10-26-23-212x300.jpg 212w, https:\/\/glazbena.hr\/wp-content\/uploads\/2023\/10\/PHOTO-2023-10-22-10-26-23.jpg 724w\" sizes=\"auto, (max-width: 212px) 100vw, 212px\" \/>\u00a0 \u00a0 \u00a0<img loading=\"lazy\" decoding=\"async\" class=\"alignnone wp-image-28438 size-medium\" src=\"https:\/\/glazbena.hr\/wp-content\/uploads\/2023\/10\/image0-300x296.jpeg\" alt=\"\" width=\"300\" height=\"296\" srcset=\"https:\/\/glazbena.hr\/wp-content\/uploads\/2023\/10\/image0-300x296.jpeg 300w, https:\/\/glazbena.hr\/wp-content\/uploads\/2023\/10\/image0.jpeg 750w\" sizes=\"auto, (max-width: 300px) 100vw, 300px\" \/><\/p>\n","protected":false},"excerpt":{"rendered":"<p>U programu 6. po redu Zagreba\u010dkog festivala klavirskih dua (Zagreb Piano Duo Festival 2023), sredi\u0161njeg glazbenog doga\u0111anja posve\u0107enog muziciranju u jednoj od najljep\u0161ih i najatraktivnijih formi komornog muziciranja, koji se odr\u017eava 19. &#8211; 25. listopada na vi\u0161e zagreba\u010dkih lokacija, a koji su pokrenule pijanistice Iva Ljubi\u010di\u0107 Luki\u0107 i Kosjenka Turkulin, ove godine sudjeluju i u\u010denici [&hellip;]<\/p>\n","protected":false},"author":5,"featured_media":0,"comment_status":"closed","ping_status":"closed","sticky":false,"template":"","format":"standard","meta":{"footnotes":""},"categories":[64],"tags":[],"class_list":["post-28436","post","type-post","status-publish","format-standard","hentry","category-najava-dogadanja"],"translation":{"provider":"WPGlobus","version":"3.0.0","language":"gb","enabled_languages":["hr","gb"],"languages":{"hr":{"title":true,"content":true,"excerpt":false},"gb":{"title":false,"content":false,"excerpt":false}}},"_links":{"self":[{"href":"https:\/\/glazbena.hr\/gb\/wp-json\/wp\/v2\/posts\/28436","targetHints":{"allow":["GET"]}}],"collection":[{"href":"https:\/\/glazbena.hr\/gb\/wp-json\/wp\/v2\/posts"}],"about":[{"href":"https:\/\/glazbena.hr\/gb\/wp-json\/wp\/v2\/types\/post"}],"author":[{"embeddable":true,"href":"https:\/\/glazbena.hr\/gb\/wp-json\/wp\/v2\/users\/5"}],"replies":[{"embeddable":true,"href":"https:\/\/glazbena.hr\/gb\/wp-json\/wp\/v2\/comments?post=28436"}],"version-history":[{"count":2,"href":"https:\/\/glazbena.hr\/gb\/wp-json\/wp\/v2\/posts\/28436\/revisions"}],"predecessor-version":[{"id":28440,"href":"https:\/\/glazbena.hr\/gb\/wp-json\/wp\/v2\/posts\/28436\/revisions\/28440"}],"wp:attachment":[{"href":"https:\/\/glazbena.hr\/gb\/wp-json\/wp\/v2\/media?parent=28436"}],"wp:term":[{"taxonomy":"category","embeddable":true,"href":"https:\/\/glazbena.hr\/gb\/wp-json\/wp\/v2\/categories?post=28436"},{"taxonomy":"post_tag","embeddable":true,"href":"https:\/\/glazbena.hr\/gb\/wp-json\/wp\/v2\/tags?post=28436"}],"curies":[{"name":"wp","href":"https:\/\/api.w.org\/{rel}","templated":true}]}}