{"id":2855,"date":"2018-11-13T10:26:07","date_gmt":"2018-11-13T08:26:07","guid":{"rendered":"https:\/\/glazbena.hr\/?p=2855"},"modified":"2018-12-06T16:50:44","modified_gmt":"2018-12-06T14:50:44","slug":"5-medunarodno-natjecanje-vera-kovac-vitkai","status":"publish","type":"post","link":"https:\/\/glazbena.hr\/gb\/natjecanja\/5-medunarodno-natjecanje-vera-kovac-vitkai\/","title":{"rendered":"5. me\u0111unarodno natjecanje &#8220;Vera Kova\u010d Vitkai&#8221;"},"content":{"rendered":"<p>U razdoblju od 9. do 11. studenog 2018. godine u Novom Sadu je odr\u017eano 5. me\u0111unarodno natjecanje solo pjeva\u010da &#8220;Vera Kova\u010d Vitkai&#8221; na kojem je na\u0161a u\u010denica Klara Bla\u017eunaj u pretkategoriji \u017eenski glasovi osvojila 86,80 bodova i II. nagradu (2. mjesto).<\/p>\n<p>&nbsp;<\/p>\n<p>&nbsp;<\/p>\n","protected":false},"excerpt":{"rendered":"<p>U razdoblju od 9. do 11. studenog 2018. godine u Novom Sadu je odr\u017eano 5. me\u0111unarodno natjecanje solo pjeva\u010da &#8220;Vera Kova\u010d Vitkai&#8221; na kojem je na\u0161a u\u010denica Klara Bla\u017eunaj u pretkategoriji \u017eenski glasovi osvojila 86,80 bodova i II. nagradu (2. mjesto). &nbsp; &nbsp;<\/p>\n","protected":false},"author":11,"featured_media":0,"comment_status":"closed","ping_status":"closed","sticky":false,"template":"","format":"standard","meta":{"footnotes":""},"categories":[66],"tags":[],"class_list":["post-2855","post","type-post","status-publish","format-standard","hentry","category-natjecanja"],"translation":{"provider":"WPGlobus","version":"3.0.0","language":"gb","enabled_languages":["hr","gb"],"languages":{"hr":{"title":true,"content":true,"excerpt":false},"gb":{"title":false,"content":false,"excerpt":false}}},"_links":{"self":[{"href":"https:\/\/glazbena.hr\/gb\/wp-json\/wp\/v2\/posts\/2855","targetHints":{"allow":["GET"]}}],"collection":[{"href":"https:\/\/glazbena.hr\/gb\/wp-json\/wp\/v2\/posts"}],"about":[{"href":"https:\/\/glazbena.hr\/gb\/wp-json\/wp\/v2\/types\/post"}],"author":[{"embeddable":true,"href":"https:\/\/glazbena.hr\/gb\/wp-json\/wp\/v2\/users\/11"}],"replies":[{"embeddable":true,"href":"https:\/\/glazbena.hr\/gb\/wp-json\/wp\/v2\/comments?post=2855"}],"version-history":[{"count":0,"href":"https:\/\/glazbena.hr\/gb\/wp-json\/wp\/v2\/posts\/2855\/revisions"}],"wp:attachment":[{"href":"https:\/\/glazbena.hr\/gb\/wp-json\/wp\/v2\/media?parent=2855"}],"wp:term":[{"taxonomy":"category","embeddable":true,"href":"https:\/\/glazbena.hr\/gb\/wp-json\/wp\/v2\/categories?post=2855"},{"taxonomy":"post_tag","embeddable":true,"href":"https:\/\/glazbena.hr\/gb\/wp-json\/wp\/v2\/tags?post=2855"}],"curies":[{"name":"wp","href":"https:\/\/api.w.org\/{rel}","templated":true}]}}