{"id":2883,"date":"2018-11-22T10:17:57","date_gmt":"2018-11-22T08:17:57","guid":{"rendered":"https:\/\/glazbena.hr\/?p=2883"},"modified":"2019-01-04T15:21:59","modified_gmt":"2019-01-04T13:21:59","slug":"glazbena-skola-u-varazdinu-190-godina-djelovanja","status":"publish","type":"post","link":"https:\/\/glazbena.hr\/gb\/events\/glazbena-skola-u-varazdinu-190-godina-djelovanja\/","title":{"rendered":"Znanstveni skup Glazbena \u0161kola u Vara\u017edinu &#8211; 190 godina djelovanja"},"content":{"rendered":"<p>U petak, 23. studenog 2018. godine s po\u010detkom u 10 sati u Velikoj koncertnoj dvorani Glazbene \u0161kole u Vara\u017edinu odr\u017eat \u0107e se znanstveni skup u organizaciji HAZU &#8211; Zavod za znanstveni rad u Vara\u017edinu i Glazbene \u0161kole u Vara\u017edinu pod nazivom &#8220;Glazbena \u0161kola u Vara\u017edinu &#8211; 190 godina djelovanja&#8221;.<\/p>\n<p>Moderatori skupa biti \u0107e dr. sc. Vladimir Huzjan, upravitelj Zavoda za znanstveni rad i mr. sc. Davor Mata\u010di\u0107, ravnatelj Glazbene \u0161kole u Vara\u017edinu.<\/p>\n<p>&nbsp;<\/p>\n<p><a href=\"https:\/\/glazbena.hr\/wp-content\/uploads\/2018\/11\/ZNANSTVENI-SKUP-12.2-001.jpg\"><img loading=\"lazy\" decoding=\"async\" class=\"alignnone wp-image-2884 size-medium\" src=\"https:\/\/glazbena.hr\/wp-content\/uploads\/2018\/11\/ZNANSTVENI-SKUP-12.2-001-300x300.jpg\" alt=\"\" width=\"300\" height=\"300\" srcset=\"https:\/\/glazbena.hr\/wp-content\/uploads\/2018\/11\/ZNANSTVENI-SKUP-12.2-001-300x300.jpg 300w, https:\/\/glazbena.hr\/wp-content\/uploads\/2018\/11\/ZNANSTVENI-SKUP-12.2-001-150x150.jpg 150w, https:\/\/glazbena.hr\/wp-content\/uploads\/2018\/11\/ZNANSTVENI-SKUP-12.2-001-768x768.jpg 768w, https:\/\/glazbena.hr\/wp-content\/uploads\/2018\/11\/ZNANSTVENI-SKUP-12.2-001-1024x1024.jpg 1024w, https:\/\/glazbena.hr\/wp-content\/uploads\/2018\/11\/ZNANSTVENI-SKUP-12.2-001.jpg 1190w\" sizes=\"auto, (max-width: 300px) 100vw, 300px\" \/><\/a><a href=\"https:\/\/glazbena.hr\/wp-content\/uploads\/2018\/11\/ZNANSTVENI-SKUP-12.2-002.jpg\"><img loading=\"lazy\" decoding=\"async\" class=\"alignnone wp-image-2885 size-medium\" src=\"https:\/\/glazbena.hr\/wp-content\/uploads\/2018\/11\/ZNANSTVENI-SKUP-12.2-002-300x300.jpg\" alt=\"\" width=\"300\" height=\"300\" srcset=\"https:\/\/glazbena.hr\/wp-content\/uploads\/2018\/11\/ZNANSTVENI-SKUP-12.2-002-300x300.jpg 300w, https:\/\/glazbena.hr\/wp-content\/uploads\/2018\/11\/ZNANSTVENI-SKUP-12.2-002-150x150.jpg 150w, https:\/\/glazbena.hr\/wp-content\/uploads\/2018\/11\/ZNANSTVENI-SKUP-12.2-002-768x768.jpg 768w, https:\/\/glazbena.hr\/wp-content\/uploads\/2018\/11\/ZNANSTVENI-SKUP-12.2-002-1024x1024.jpg 1024w, https:\/\/glazbena.hr\/wp-content\/uploads\/2018\/11\/ZNANSTVENI-SKUP-12.2-002.jpg 1190w\" sizes=\"auto, (max-width: 300px) 100vw, 300px\" \/><\/a><\/p>\n","protected":false},"excerpt":{"rendered":"<p>U petak, 23. studenog 2018. godine s po\u010detkom u 10 sati u Velikoj koncertnoj dvorani Glazbene \u0161kole u Vara\u017edinu odr\u017eat \u0107e se znanstveni skup u organizaciji HAZU &#8211; Zavod za znanstveni rad u Vara\u017edinu i Glazbene \u0161kole u Vara\u017edinu pod nazivom &#8220;Glazbena \u0161kola u Vara\u017edinu &#8211; 190 godina djelovanja&#8221;. Moderatori skupa biti \u0107e dr. sc. [&hellip;]<\/p>\n","protected":false},"author":11,"featured_media":0,"comment_status":"closed","ping_status":"closed","sticky":false,"template":"","format":"standard","meta":{"footnotes":""},"categories":[64],"tags":[],"class_list":["post-2883","post","type-post","status-publish","format-standard","hentry","category-najava-dogadanja"],"translation":{"provider":"WPGlobus","version":"3.0.0","language":"gb","enabled_languages":["hr","gb"],"languages":{"hr":{"title":true,"content":true,"excerpt":false},"gb":{"title":false,"content":false,"excerpt":false}}},"_links":{"self":[{"href":"https:\/\/glazbena.hr\/gb\/wp-json\/wp\/v2\/posts\/2883","targetHints":{"allow":["GET"]}}],"collection":[{"href":"https:\/\/glazbena.hr\/gb\/wp-json\/wp\/v2\/posts"}],"about":[{"href":"https:\/\/glazbena.hr\/gb\/wp-json\/wp\/v2\/types\/post"}],"author":[{"embeddable":true,"href":"https:\/\/glazbena.hr\/gb\/wp-json\/wp\/v2\/users\/11"}],"replies":[{"embeddable":true,"href":"https:\/\/glazbena.hr\/gb\/wp-json\/wp\/v2\/comments?post=2883"}],"version-history":[{"count":0,"href":"https:\/\/glazbena.hr\/gb\/wp-json\/wp\/v2\/posts\/2883\/revisions"}],"wp:attachment":[{"href":"https:\/\/glazbena.hr\/gb\/wp-json\/wp\/v2\/media?parent=2883"}],"wp:term":[{"taxonomy":"category","embeddable":true,"href":"https:\/\/glazbena.hr\/gb\/wp-json\/wp\/v2\/categories?post=2883"},{"taxonomy":"post_tag","embeddable":true,"href":"https:\/\/glazbena.hr\/gb\/wp-json\/wp\/v2\/tags?post=2883"}],"curies":[{"name":"wp","href":"https:\/\/api.w.org\/{rel}","templated":true}]}}