{"id":28839,"date":"2023-11-02T20:51:18","date_gmt":"2023-11-02T19:51:18","guid":{"rendered":"https:\/\/glazbena.hr\/?p=28839"},"modified":"2023-11-02T21:18:26","modified_gmt":"2023-11-02T20:18:26","slug":"koncert-tjase-sulc-dejanovic-u-glazbenoj-skoli-u-varazdinu","status":"publish","type":"post","link":"https:\/\/glazbena.hr\/gb\/events\/koncert-tjase-sulc-dejanovic-u-glazbenoj-skoli-u-varazdinu\/","title":{"rendered":"Koncert Tja\u0161e \u0160ulc Dejanovi\u0107 u Glazbenoj \u0161koli u Vara\u017edinu"},"content":{"rendered":"<p>U ponedjeljak 6. studenoga 2023. godine s po\u010detkom u 19.00 sati Glazbena \u0161kola u Vara\u017edinu ugostit \u0107e slovensku pijanisticu Tja\u0161u \u0160ulc Dejanovi\u0107 koja \u0107e se vara\u017edinskoj publici predstaviti sa programom na kojem \u0107e se na\u0107i djela F. Chopina, D. Peja\u010devi\u0107 i R. Schumana.<br \/>\nTja\u0161a \u0160ulc Dejanovi\u0107 primila je brojna priznanja za umjetni\u010dka dostignu\u0107a te nagrade na raznim natjecanjima kao \u0161to su 1. nagrada (u vi\u0161oj kategoriji), zlata plaketa i specijalna nagrada Glasbene Mladine Ljubljana na 27. Dr\u017eavnom natjecanju u Sloveniji &#8211; TEMSIG te 3. nagrada na 24. Dr\u017eavnom natjecanju u Sloveniji \u2013 TEMSIG, apsolutna pobjednica na Concorso Internazionale di Musica \u2013 Citta di Stresa, 1. nagrada na Concorso Musicale Europeo Citta di Moncalieri, 2.nagrada na 2nd Concours International de Piano Nikolai Rubinstein Paris, 2. nagrada na Concorso di Interpretazione Musicale- Genova, 3. nagrada na International Music Competition Citta di Pietra Ligure, 3. nagrada na Concorsi Internazionali di musica \u2013 Citta di Stresa.<br \/>\nZa vrijeme studija na Muzi\u010dkoj akademiji u Zagrebu, publika ju je zapamtila po brojnim nastupima na koncertima u ciklusu Virtuoso te uz Virtuoso, za koje je primila odli\u010dne kritike. Primila je i Rektorovu nagradu za izvedbu Schumannovog klavirskog koncerta sa Zagreba\u010dkom filharmonijom u Hrvatskom Glazbenom Zavodu &#8211; dirigent Maestro Pavle De\u0161palj. Sura\u0111ivala je i sa priznatim umjetnicima u komornim sastavima te tako svirala i sa kvartetom Porin u Maloj dvorani Lisinski u okviru njihove koncertne sezone, snimala je za HRT, gostovala na radijskim i TV ku\u0107ama, svirala u orkestru SNG Maribor na raznim projektima kao \u0161to su bili Carmina Burana &#8211; 1.klavir, te projekt za Festival Maribor.<br \/>\nUlaz na koncert je slobodan.<\/p>\n<p><img loading=\"lazy\" decoding=\"async\" class=\"alignnone wp-image-28840 size-medium\" src=\"https:\/\/glazbena.hr\/wp-content\/uploads\/2023\/11\/Tjasa-Sulc-Dejanovic-214x300.jpg\" alt=\"\" width=\"214\" height=\"300\" srcset=\"https:\/\/glazbena.hr\/wp-content\/uploads\/2023\/11\/Tjasa-Sulc-Dejanovic-214x300.jpg 214w, https:\/\/glazbena.hr\/wp-content\/uploads\/2023\/11\/Tjasa-Sulc-Dejanovic-731x1024.jpg 731w, https:\/\/glazbena.hr\/wp-content\/uploads\/2023\/11\/Tjasa-Sulc-Dejanovic-768x1075.jpg 768w\" sizes=\"auto, (max-width: 214px) 100vw, 214px\" \/> <img loading=\"lazy\" decoding=\"async\" class=\"alignnone wp-image-28846 size-medium\" src=\"https:\/\/glazbena.hr\/wp-content\/uploads\/2023\/11\/TjasaSulcDejanovic-200x300.jpg\" alt=\"\" width=\"200\" height=\"300\" srcset=\"https:\/\/glazbena.hr\/wp-content\/uploads\/2023\/11\/TjasaSulcDejanovic-200x300.jpg 200w, https:\/\/glazbena.hr\/wp-content\/uploads\/2023\/11\/TjasaSulcDejanovic-683x1024.jpg 683w, https:\/\/glazbena.hr\/wp-content\/uploads\/2023\/11\/TjasaSulcDejanovic-768x1152.jpg 768w, https:\/\/glazbena.hr\/wp-content\/uploads\/2023\/11\/TjasaSulcDejanovic-1024x1536.jpg 1024w\" sizes=\"auto, (max-width: 200px) 100vw, 200px\" \/><\/p>\n","protected":false},"excerpt":{"rendered":"<p>U ponedjeljak 6. studenoga 2023. godine s po\u010detkom u 19.00 sati Glazbena \u0161kola u Vara\u017edinu ugostit \u0107e slovensku pijanisticu Tja\u0161u \u0160ulc Dejanovi\u0107 koja \u0107e se vara\u017edinskoj publici predstaviti sa programom na kojem \u0107e se na\u0107i djela F. Chopina, D. Peja\u010devi\u0107 i R. Schumana. Tja\u0161a \u0160ulc Dejanovi\u0107 primila je brojna priznanja za umjetni\u010dka dostignu\u0107a te nagrade [&hellip;]<\/p>\n","protected":false},"author":5,"featured_media":0,"comment_status":"closed","ping_status":"closed","sticky":false,"template":"","format":"standard","meta":{"footnotes":""},"categories":[64],"tags":[],"class_list":["post-28839","post","type-post","status-publish","format-standard","hentry","category-najava-dogadanja"],"translation":{"provider":"WPGlobus","version":"3.0.0","language":"gb","enabled_languages":["hr","gb"],"languages":{"hr":{"title":true,"content":true,"excerpt":false},"gb":{"title":false,"content":false,"excerpt":false}}},"_links":{"self":[{"href":"https:\/\/glazbena.hr\/gb\/wp-json\/wp\/v2\/posts\/28839","targetHints":{"allow":["GET"]}}],"collection":[{"href":"https:\/\/glazbena.hr\/gb\/wp-json\/wp\/v2\/posts"}],"about":[{"href":"https:\/\/glazbena.hr\/gb\/wp-json\/wp\/v2\/types\/post"}],"author":[{"embeddable":true,"href":"https:\/\/glazbena.hr\/gb\/wp-json\/wp\/v2\/users\/5"}],"replies":[{"embeddable":true,"href":"https:\/\/glazbena.hr\/gb\/wp-json\/wp\/v2\/comments?post=28839"}],"version-history":[{"count":5,"href":"https:\/\/glazbena.hr\/gb\/wp-json\/wp\/v2\/posts\/28839\/revisions"}],"predecessor-version":[{"id":28843,"href":"https:\/\/glazbena.hr\/gb\/wp-json\/wp\/v2\/posts\/28839\/revisions\/28843"}],"wp:attachment":[{"href":"https:\/\/glazbena.hr\/gb\/wp-json\/wp\/v2\/media?parent=28839"}],"wp:term":[{"taxonomy":"category","embeddable":true,"href":"https:\/\/glazbena.hr\/gb\/wp-json\/wp\/v2\/categories?post=28839"},{"taxonomy":"post_tag","embeddable":true,"href":"https:\/\/glazbena.hr\/gb\/wp-json\/wp\/v2\/tags?post=28839"}],"curies":[{"name":"wp","href":"https:\/\/api.w.org\/{rel}","templated":true}]}}