{"id":29075,"date":"2023-11-15T12:44:24","date_gmt":"2023-11-15T11:44:24","guid":{"rendered":"https:\/\/glazbena.hr\/?p=29075"},"modified":"2023-11-15T12:44:24","modified_gmt":"2023-11-15T11:44:24","slug":"podij-koncert-jurice-jurasica-kapuna","status":"publish","type":"post","link":"https:\/\/glazbena.hr\/gb\/events\/podij-koncert-jurice-jurasica-kapuna\/","title":{"rendered":"Podij &#8211; Koncert Jurice Jurasi\u0107a Kapuna"},"content":{"rendered":"<p>U petak, 17. studenoga 2023. godine koncert \u0107e odr\u017eati Jurica Jurasi\u0107 Kapun, bariton uz klavirsku pratnju Davida Vukovi\u0107a.<br \/>\nJurica Jurasi\u0107 Kapun, bariton rodom iz \u010cakovca, stipendist je Opere u Astani (Kazahstan) i trenutno se usavr\u0161ava u sklopu programa International Opera academy \u201cAstana Opera\u201d. Studij pjevanja zavr\u0161io je na Muzi\u010dkoj akademiji u Zagrebu u klasi profesorice Vlatke Or\u0161ani\u0107. Prije toga studirao je dva semestra na Sveu\u010dili\u0161tu za glazbu i izvedbene umjetnosti u Grazu. Tijekom i nakon studija sudjelovao je na brojnim majstorskim te\u010dajevima kod renomiranih pjeva\u010da kao \u0161to su Thomas Hampson, Melanie Diener, Kre\u0161imir Stra\u017eanac i drugi. Mladi bariton svoja je prva scenska iskustva stekao u baroknim operama Purcella i Pepuscha, a kasnije Mozarta i Masseneta te u izvedbama suvremenih djela. Njegov profesionalni debi bio je u Bizetovoj operi Carmen u Hrvatskom narodnom kazali\u0161tu u Zagrebu. Posljednjih se godina u domovini profilirao kao izvo\u0111a\u010d omiljen kod publike i kriti\u010dara, i to ne samo kao operni nego i koncertni solist s redovitim nastupima u hrvatskim kazali\u0161tima te brojnim nastupima s hrvatskim orkestrima (Zagreba\u010dka filharmonija, Simfonijski orkestar, Tambura\u0161ki orkestar i Zbor HRT-a, Dubrova\u010dki simfonijski orkestar) i s mladim hrvatskim pijanistima i ansamblima. Iako je do sad imao tek nekoliko nastupa u inozemstvu, neke valja posebno istaknuti, gala koncert sa Stuttgartskom filharmonijom i Thomasom Hampsonom, kao i nastupe na poznatom opernom festivalu u Savonlinni (Finska) te izvedba Mozartove opere Don Giovanni u Be\u010dkom Musikvereinu. Usto je dobitnik raznih nagrada i priznanja na pjeva\u010dkim natjecanjima i u akademskim krugovima, \u0161to pokazuje da nije samo miljenik publike i kritike, ve\u0107 da ga kao izvo\u0111a\u010da cijene i vode\u0107i stru\u010dnjaci i umjetnici glazbene scene. To uklju\u010duje dekanovu i vi\u0161e rektorovh nagrada te glavne i posebne nagrade na dr\u017eavnim i me\u0111unarodnim pjeva\u010dkim natjecanjima.<br \/>\nKoncert \u0107e se odr\u017eati u Velikoj koncertnoj dvorani s po\u010detkom u 18.00 sati. Na programu su djela: L. van Beethovena, A. Berga, F. Poulenca, A. Sch\u00f6nberga i I. J. Skendera.<\/p>\n<p><img loading=\"lazy\" decoding=\"async\" class=\"alignnone size-medium wp-image-29076\" src=\"https:\/\/glazbena.hr\/wp-content\/uploads\/2023\/11\/podij-plakat-Kapun-2023_page-0001-214x300.jpg\" alt=\"\" width=\"214\" height=\"300\" srcset=\"https:\/\/glazbena.hr\/wp-content\/uploads\/2023\/11\/podij-plakat-Kapun-2023_page-0001-214x300.jpg 214w, https:\/\/glazbena.hr\/wp-content\/uploads\/2023\/11\/podij-plakat-Kapun-2023_page-0001-731x1024.jpg 731w, https:\/\/glazbena.hr\/wp-content\/uploads\/2023\/11\/podij-plakat-Kapun-2023_page-0001-768x1075.jpg 768w, https:\/\/glazbena.hr\/wp-content\/uploads\/2023\/11\/podij-plakat-Kapun-2023_page-0001-1097x1536.jpg 1097w, https:\/\/glazbena.hr\/wp-content\/uploads\/2023\/11\/podij-plakat-Kapun-2023_page-0001-1463x2048.jpg 1463w, https:\/\/glazbena.hr\/wp-content\/uploads\/2023\/11\/podij-plakat-Kapun-2023_page-0001-scaled.jpg 1829w\" sizes=\"auto, (max-width: 214px) 100vw, 214px\" \/><\/p>\n","protected":false},"excerpt":{"rendered":"<p>U petak, 17. studenoga 2023. godine koncert \u0107e odr\u017eati Jurica Jurasi\u0107 Kapun, bariton uz klavirsku pratnju Davida Vukovi\u0107a. Jurica Jurasi\u0107 Kapun, bariton rodom iz \u010cakovca, stipendist je Opere u Astani (Kazahstan) i trenutno se usavr\u0161ava u sklopu programa International Opera academy \u201cAstana Opera\u201d. Studij pjevanja zavr\u0161io je na Muzi\u010dkoj akademiji u Zagrebu u klasi profesorice [&hellip;]<\/p>\n","protected":false},"author":5,"featured_media":0,"comment_status":"closed","ping_status":"closed","sticky":false,"template":"","format":"standard","meta":{"footnotes":""},"categories":[64],"tags":[],"class_list":["post-29075","post","type-post","status-publish","format-standard","hentry","category-najava-dogadanja"],"translation":{"provider":"WPGlobus","version":"3.0.0","language":"gb","enabled_languages":["hr","gb"],"languages":{"hr":{"title":true,"content":true,"excerpt":false},"gb":{"title":false,"content":false,"excerpt":false}}},"_links":{"self":[{"href":"https:\/\/glazbena.hr\/gb\/wp-json\/wp\/v2\/posts\/29075","targetHints":{"allow":["GET"]}}],"collection":[{"href":"https:\/\/glazbena.hr\/gb\/wp-json\/wp\/v2\/posts"}],"about":[{"href":"https:\/\/glazbena.hr\/gb\/wp-json\/wp\/v2\/types\/post"}],"author":[{"embeddable":true,"href":"https:\/\/glazbena.hr\/gb\/wp-json\/wp\/v2\/users\/5"}],"replies":[{"embeddable":true,"href":"https:\/\/glazbena.hr\/gb\/wp-json\/wp\/v2\/comments?post=29075"}],"version-history":[{"count":2,"href":"https:\/\/glazbena.hr\/gb\/wp-json\/wp\/v2\/posts\/29075\/revisions"}],"predecessor-version":[{"id":29078,"href":"https:\/\/glazbena.hr\/gb\/wp-json\/wp\/v2\/posts\/29075\/revisions\/29078"}],"wp:attachment":[{"href":"https:\/\/glazbena.hr\/gb\/wp-json\/wp\/v2\/media?parent=29075"}],"wp:term":[{"taxonomy":"category","embeddable":true,"href":"https:\/\/glazbena.hr\/gb\/wp-json\/wp\/v2\/categories?post=29075"},{"taxonomy":"post_tag","embeddable":true,"href":"https:\/\/glazbena.hr\/gb\/wp-json\/wp\/v2\/tags?post=29075"}],"curies":[{"name":"wp","href":"https:\/\/api.w.org\/{rel}","templated":true}]}}