{"id":2919,"date":"2018-12-03T09:45:49","date_gmt":"2018-12-03T07:45:49","guid":{"rendered":"https:\/\/glazbena.hr\/?p=2919"},"modified":"2019-01-04T15:12:53","modified_gmt":"2019-01-04T13:12:53","slug":"two-friends-two-pianos","status":"publish","type":"post","link":"https:\/\/glazbena.hr\/gb\/events\/two-friends-two-pianos\/","title":{"rendered":"Two friends &#8211; two pianos"},"content":{"rendered":"<p>Posljednji u nizu koncerata povodom proslave 190 obljetnice Glazbene \u0161kole u Vara\u017edinu o\u010dekuje nas u utorak, 4. prosinca 2018. godine u Velikoj koncertnoj dvorani Glazbene \u0161kole u Vara\u017edinu s po\u010detkom u 19:00 sati. Pijanisti i profesori Glazbene \u0161kole u Vara\u017edinu, Danijel Ljubi\u0107 i Danijel Oto koncertom \u0107e dati svoj poklon \u0160koli povodom njene obljetnice. Na programu \u0107e se na\u0107i djela J. Brahmsa, C. Debussya i Franza Schuberta.<br \/>\nDanijel Ljubi\u0107 srednju je glazbenu \u0161kolu u Vara\u017edinu zavr\u0161io u klasi profesorice Olimpije Vojvoda, a na Muzi\u010dkoj akademiji u Zagrebu diplomirao je u klasi profesora Vladimira Krpana te je svojim diplomskim koncertom potvrdio odli\u010dan uspjeh, umjetni\u010dki dojam izrazite koncertne dispozicije i ogromne stvarala\u010dke energije. Nakon diplome zavr\u0161io je magisterij kod prof. Franca Scale na Muzi\u010dkoj akademiji u Pinerolu u Italiji i na Muzi\u010dkoj akademiji u Zagrebu u klasi profesora Vladimira Krpana. Odr\u017eao je brojne recitale u zemlji i inozemstvu. Na 34. Vara\u017edinskim baroknim ve\u010derima nastupio je sa Zagreba\u010dkim solistima kao 1. klavir u Bachovu koncertu za 4 klavira i guda\u010de u a-molu, uz odli\u010dne kritike za nastup. Od 2004. godine do danas zaposlen je kao profesor klavira, komorne glazbe i korepeticije u Glazbenoj \u0161koli u Vara\u017edinu. U\u010denici iz njegove klase s uspjehom upisuju ugledne muzi\u010dke akademije u Hrvatskoj i inozemstvu, \u010desto sudjeluju na seminarima uglednih profesora, koncertima s Vara\u017edinskim komornim orkestrom, Festivalu mladih pijanista, te osvajaju brojne nagrade na natjecanjima u Hrvatskoj i inozemstvu.<br \/>\nDanijel Oto u\u010denje klavira zapo\u010dinje tek sa 12 godina. Srednju glazbenu \u0161kolu zavr\u0161ava u Vara\u017edinu, u klasi prof. Miljenke Slunjski, a Muzi\u010dku akademiju u Zagrebu u klasi pijanista i pedagoga prof. Vladimira Krpana, gdje je diplomirao s najvi\u0161im ocjenama 2009. godine. Redovito se usavr\u0161ava na klavirskim seminarima i seminarima komorne glazbe kod mnogih eminentnih pedagoga. Kao korepetitor sura\u0111ivao je s mnogim renomiranim umjetnicima me\u0111u kojima je i poznati danski trombonist Carsten Svanberg, nastupao s Vara\u017edinskim komornim orkestrom. Redovito je anga\u017eiran kao slu\u017ebeni korepetitor me\u0111unarodnih natjecanja. Redoviti je \u010dlan ocjenjiva\u010dkog suda na natjecanjima u Hrvatskoj i inozemstvu. Pedago\u0161kim radom bavi se od 2008. godine, a trenutno radi kao profesor klavira i korepeticije u Glazbenoj \u0161koli u Vara\u017edinu. \u010clan je EPTE i Hrvatske glazbene mlade\u017ei.<\/p>\n<p>&nbsp;<\/p>\n<p><a href=\"https:\/\/glazbena.hr\/wp-content\/uploads\/2018\/12\/Danijel-Ljubi\u0107-i-Danijel-Oto.jpg\"><img loading=\"lazy\" decoding=\"async\" class=\"aligncenter wp-image-2920 size-medium\" src=\"https:\/\/glazbena.hr\/wp-content\/uploads\/2018\/12\/Danijel-Ljubi\u0107-i-Danijel-Oto-214x300.jpg\" alt=\"\" width=\"214\" height=\"300\" srcset=\"https:\/\/glazbena.hr\/wp-content\/uploads\/2018\/12\/Danijel-Ljubi\u0107-i-Danijel-Oto-214x300.jpg 214w, https:\/\/glazbena.hr\/wp-content\/uploads\/2018\/12\/Danijel-Ljubi\u0107-i-Danijel-Oto-768x1075.jpg 768w, https:\/\/glazbena.hr\/wp-content\/uploads\/2018\/12\/Danijel-Ljubi\u0107-i-Danijel-Oto-731x1024.jpg 731w, https:\/\/glazbena.hr\/wp-content\/uploads\/2018\/12\/Danijel-Ljubi\u0107-i-Danijel-Oto.jpg 1195w\" sizes=\"auto, (max-width: 214px) 100vw, 214px\" \/><\/a><\/p>\n<p>&nbsp;<\/p>\n","protected":false},"excerpt":{"rendered":"<p>Posljednji u nizu koncerata povodom proslave 190 obljetnice Glazbene \u0161kole u Vara\u017edinu o\u010dekuje nas u utorak, 4. prosinca 2018. godine u Velikoj koncertnoj dvorani Glazbene \u0161kole u Vara\u017edinu s po\u010detkom u 19:00 sati. Pijanisti i profesori Glazbene \u0161kole u Vara\u017edinu, Danijel Ljubi\u0107 i Danijel Oto koncertom \u0107e dati svoj poklon \u0160koli povodom njene obljetnice. Na [&hellip;]<\/p>\n","protected":false},"author":11,"featured_media":0,"comment_status":"closed","ping_status":"closed","sticky":false,"template":"","format":"standard","meta":{"footnotes":""},"categories":[64],"tags":[],"class_list":["post-2919","post","type-post","status-publish","format-standard","hentry","category-najava-dogadanja"],"translation":{"provider":"WPGlobus","version":"3.0.0","language":"gb","enabled_languages":["hr","gb"],"languages":{"hr":{"title":true,"content":true,"excerpt":false},"gb":{"title":false,"content":false,"excerpt":false}}},"_links":{"self":[{"href":"https:\/\/glazbena.hr\/gb\/wp-json\/wp\/v2\/posts\/2919","targetHints":{"allow":["GET"]}}],"collection":[{"href":"https:\/\/glazbena.hr\/gb\/wp-json\/wp\/v2\/posts"}],"about":[{"href":"https:\/\/glazbena.hr\/gb\/wp-json\/wp\/v2\/types\/post"}],"author":[{"embeddable":true,"href":"https:\/\/glazbena.hr\/gb\/wp-json\/wp\/v2\/users\/11"}],"replies":[{"embeddable":true,"href":"https:\/\/glazbena.hr\/gb\/wp-json\/wp\/v2\/comments?post=2919"}],"version-history":[{"count":0,"href":"https:\/\/glazbena.hr\/gb\/wp-json\/wp\/v2\/posts\/2919\/revisions"}],"wp:attachment":[{"href":"https:\/\/glazbena.hr\/gb\/wp-json\/wp\/v2\/media?parent=2919"}],"wp:term":[{"taxonomy":"category","embeddable":true,"href":"https:\/\/glazbena.hr\/gb\/wp-json\/wp\/v2\/categories?post=2919"},{"taxonomy":"post_tag","embeddable":true,"href":"https:\/\/glazbena.hr\/gb\/wp-json\/wp\/v2\/tags?post=2919"}],"curies":[{"name":"wp","href":"https:\/\/api.w.org\/{rel}","templated":true}]}}