{"id":29257,"date":"2023-11-30T11:25:20","date_gmt":"2023-11-30T10:25:20","guid":{"rendered":"https:\/\/glazbena.hr\/?p=29257"},"modified":"2023-11-30T12:18:28","modified_gmt":"2023-11-30T11:18:28","slug":"produkcija-podrucnog-odjela-varazdinske-toplice","status":"publish","type":"post","link":"https:\/\/glazbena.hr\/gb\/produkcije\/produkcija-podrucnog-odjela-varazdinske-toplice\/","title":{"rendered":"Produkcija Podru\u010dnog odjela Vara\u017edinske Toplice"},"content":{"rendered":"<p>Produkcija Podru\u010dnog odjela Vara\u017edinske Toplice odr\u017eat \u0107e se u petak, 1. prosinca 2023. godine s po\u010detkom u 19.00 sati u Velikoj koncertnoj dvorani Glazbene \u0161kole u Vara\u017edinu.<\/p>\n<p><a href=\"https:\/\/glazbena.hr\/wp-content\/uploads\/2023\/11\/Produkcija-Podrucnog-odjela-Varazdinske-Toplice-1.pdf\" target=\"_blank\" rel=\"noopener\">Produkcija Podru\u010dnog odjela Vara\u017edinske Toplice<\/a><\/p>\n","protected":false},"excerpt":{"rendered":"<p>Produkcija Podru\u010dnog odjela Vara\u017edinske Toplice odr\u017eat \u0107e se u petak, 1. prosinca 2023. godine s po\u010detkom u 19.00 sati u Velikoj koncertnoj dvorani Glazbene \u0161kole u Vara\u017edinu. Produkcija Podru\u010dnog odjela Vara\u017edinske Toplice<\/p>\n","protected":false},"author":5,"featured_media":0,"comment_status":"closed","ping_status":"closed","sticky":false,"template":"","format":"standard","meta":{"footnotes":""},"categories":[65],"tags":[],"class_list":["post-29257","post","type-post","status-publish","format-standard","hentry","category-produkcije"],"translation":{"provider":"WPGlobus","version":"3.0.0","language":"gb","enabled_languages":["hr","gb"],"languages":{"hr":{"title":true,"content":true,"excerpt":false},"gb":{"title":false,"content":false,"excerpt":false}}},"_links":{"self":[{"href":"https:\/\/glazbena.hr\/gb\/wp-json\/wp\/v2\/posts\/29257","targetHints":{"allow":["GET"]}}],"collection":[{"href":"https:\/\/glazbena.hr\/gb\/wp-json\/wp\/v2\/posts"}],"about":[{"href":"https:\/\/glazbena.hr\/gb\/wp-json\/wp\/v2\/types\/post"}],"author":[{"embeddable":true,"href":"https:\/\/glazbena.hr\/gb\/wp-json\/wp\/v2\/users\/5"}],"replies":[{"embeddable":true,"href":"https:\/\/glazbena.hr\/gb\/wp-json\/wp\/v2\/comments?post=29257"}],"version-history":[{"count":4,"href":"https:\/\/glazbena.hr\/gb\/wp-json\/wp\/v2\/posts\/29257\/revisions"}],"predecessor-version":[{"id":29263,"href":"https:\/\/glazbena.hr\/gb\/wp-json\/wp\/v2\/posts\/29257\/revisions\/29263"}],"wp:attachment":[{"href":"https:\/\/glazbena.hr\/gb\/wp-json\/wp\/v2\/media?parent=29257"}],"wp:term":[{"taxonomy":"category","embeddable":true,"href":"https:\/\/glazbena.hr\/gb\/wp-json\/wp\/v2\/categories?post=29257"},{"taxonomy":"post_tag","embeddable":true,"href":"https:\/\/glazbena.hr\/gb\/wp-json\/wp\/v2\/tags?post=29257"}],"curies":[{"name":"wp","href":"https:\/\/api.w.org\/{rel}","templated":true}]}}