{"id":29460,"date":"2023-12-23T18:18:33","date_gmt":"2023-12-23T17:18:33","guid":{"rendered":"https:\/\/glazbena.hr\/?p=29460"},"modified":"2023-12-29T18:32:07","modified_gmt":"2023-12-29T17:32:07","slug":"pozornica-i-ja-3-koncert","status":"publish","type":"post","link":"https:\/\/glazbena.hr\/gb\/activity\/pozornica-i-ja-3-koncert\/","title":{"rendered":"Pozornica i ja &#8211; 3. koncert"},"content":{"rendered":"<p>U utorak, 19. prosinca 2023. godine u 19 sati u Velikoj koncertnoj dvorani odr\u017ean je tre\u0107i koncert projekta \u201ePozornica i ja\u201c \u2013 prigodno bo\u017ei\u0107ni. Kao i pro\u0161le godine koncertu je prethodilo kolektivno ukra\u0161avanje pozornice i dvorane te priprema darova i tombole koju je osmislila profesorica Helena Herman, mag. mus. Na po\u010detku koncerta svi su izvo\u0111a\u010di izvukli jedan broj koji je ozna\u010davao poredak nastupanja, ali i broj poklona koji su dobili na kraju produkcije. Programa produkcije nije bilo ve\u0107 su svi s nestrpljenjem i\u0161\u010dekivali tko svira sljede\u0107i \u2013 i \u0161to!<br \/>\nPublika je na koncertu mogla \u010duti male i velike klaviriste u raznim sastavima, violiniste, harmonika\u0161e te u\u010denike 2. razreda solfeggia i zbor iz PO Vara\u017edinske Toplice.<br \/>\nKoncert je otvorila skladba \u201eBoje Bo\u017ei\u0107a\u201c koju su izveli u\u010denici iz PO Vara\u017edinske Toplice i njihova profesorica i dirigentica Kristina Abramovi\u0107, mag. mus. Glazbu i tekst napisao je u\u010denik \u010detvrtog razreda Benjamin Lipovac (11 godina), pod mentorstvom profesora Nevena Resnika, mag. mus. Praizvedba skladbe bila je samo nekoliko dana ranije na Bo\u017ei\u0107nom koncertu PO Vara\u017edinske Toplice.<br \/>\nVeliko iznena\u0111enje za publiku bila je i posljednja skladba na koncertu \u2013 \u201eZeko i poto\u010di\u0107 za 5 lijevih ruku\u201c koju je upravo za ovaj koncert priredila i aran\u017eirala profesorica Lea \u0160antek, prof. savjetnica za u\u010denice Luciju Turk, 2.s., Petru Krajnik, 3.s., Hanu \u0160iroki, 4.s., Paulu Malba\u0161i\u0107, 2.s. i Klaru Jambro\u0161i\u0107 Barnjak, 3.s.<br \/>\nTijekom cijelog koncerta publika je gromoglasno pljeskala izvo\u0111a\u010dima, pucketala prstima u ritmu i pjevala najpoznatije bo\u017ei\u0107ne pjesme koje su na\u0161i u\u010denici pripremili. A u dvorani se tra\u017eilo mjesto vi\u0161e!<br \/>\nU pripremi ovog koncerta sudjelovao je do sada najve\u0107i broj u\u010denika i profesora u povijesti projekta \u2013 \u010dak 58 u\u010denika i 10 profesora \u2013 iz Glazbene \u0161kole u Vara\u017edinu te iz Podru\u010dnih odjela Vara\u017edinske Toplice, Ivanec i Cestica. Na taj smo podatak posebno ponosni jer su glavni ciljevi ovog projekta upravo razvijanje me\u0111usobne suradnje, uva\u017eavanje individualnosti, kolegijalna podr\u0161ka, prihva\u0107anje razli\u010ditosti, kao i poticanje kreativnosti, motivacije i redovitog vje\u017ebanja, stjecanje iskustva u javnom nastupanju, razvijanje samostalnosti i samokriti\u010dnosti u radu te pozitivnog pristupa spram nastupanja i \u017eivljenja.<\/p>\n<p>&nbsp;<\/p>\n","protected":false},"excerpt":{"rendered":"<p>U utorak, 19. prosinca 2023. godine u 19 sati u Velikoj koncertnoj dvorani odr\u017ean je tre\u0107i koncert projekta \u201ePozornica i ja\u201c \u2013 prigodno bo\u017ei\u0107ni. Kao i pro\u0161le godine koncertu je prethodilo kolektivno ukra\u0161avanje pozornice i dvorane te priprema darova i tombole koju je osmislila profesorica Helena Herman, mag. mus. Na po\u010detku koncerta svi su izvo\u0111a\u010di [&hellip;]<\/p>\n","protected":false},"author":5,"featured_media":0,"comment_status":"closed","ping_status":"closed","sticky":false,"template":"","format":"standard","meta":{"footnotes":""},"categories":[70],"tags":[],"class_list":["post-29460","post","type-post","status-publish","format-standard","hentry","category-aktivnosti"],"translation":{"provider":"WPGlobus","version":"3.0.0","language":"gb","enabled_languages":["hr","gb"],"languages":{"hr":{"title":true,"content":true,"excerpt":false},"gb":{"title":false,"content":false,"excerpt":false}}},"_links":{"self":[{"href":"https:\/\/glazbena.hr\/gb\/wp-json\/wp\/v2\/posts\/29460","targetHints":{"allow":["GET"]}}],"collection":[{"href":"https:\/\/glazbena.hr\/gb\/wp-json\/wp\/v2\/posts"}],"about":[{"href":"https:\/\/glazbena.hr\/gb\/wp-json\/wp\/v2\/types\/post"}],"author":[{"embeddable":true,"href":"https:\/\/glazbena.hr\/gb\/wp-json\/wp\/v2\/users\/5"}],"replies":[{"embeddable":true,"href":"https:\/\/glazbena.hr\/gb\/wp-json\/wp\/v2\/comments?post=29460"}],"version-history":[{"count":2,"href":"https:\/\/glazbena.hr\/gb\/wp-json\/wp\/v2\/posts\/29460\/revisions"}],"predecessor-version":[{"id":29468,"href":"https:\/\/glazbena.hr\/gb\/wp-json\/wp\/v2\/posts\/29460\/revisions\/29468"}],"wp:attachment":[{"href":"https:\/\/glazbena.hr\/gb\/wp-json\/wp\/v2\/media?parent=29460"}],"wp:term":[{"taxonomy":"category","embeddable":true,"href":"https:\/\/glazbena.hr\/gb\/wp-json\/wp\/v2\/categories?post=29460"},{"taxonomy":"post_tag","embeddable":true,"href":"https:\/\/glazbena.hr\/gb\/wp-json\/wp\/v2\/tags?post=29460"}],"curies":[{"name":"wp","href":"https:\/\/api.w.org\/{rel}","templated":true}]}}